{"id":18729,"date":"2019-01-18T12:16:45","date_gmt":"2019-01-18T11:16:45","guid":{"rendered":"http:\/\/nowa.scinawa.pl\/?p=18729"},"modified":"2019-01-18T12:16:45","modified_gmt":"2019-01-18T11:16:45","slug":"kwalifikacja-wojskowa-w-2019-roku","status":"publish","type":"post","link":"https:\/\/scinawa.pl\/index.php\/2019\/01\/18\/kwalifikacja-wojskowa-w-2019-roku\/","title":{"rendered":"Kwalifikacja wojskowa w 2019 roku"},"content":{"rendered":"<p align=\"justify\"><strong>Informacja w sprawie przeprowadzenia kwalifikacji wojskowej na terenie miasta i gminy \u015acinawa.<\/strong><\/p>\n<p align=\"justify\">Burmistrz \u015acinawy wzywa do kwalifikacji wojskowej:<br \/>\n<strong>\u2022 m\u0119\u017cczyzn urodzonych w 2000 roku;<\/strong><br \/>\n<strong>\u2022 m\u0119\u017cczyzn urodzonych w latach 1995 \u2013 1999, kt\u00f3rzy nie posiadaj\u0105 okre\u015blonej kategorii zdolno\u015bci do czynnej s\u0142u\u017cby wojskowej;<\/strong><br \/>\n<strong>\u2022 kobiety urodzone w latach 1995 \u2013 2000 posiadaj\u0105ce kwalifikacje przydatne do czynnej s\u0142u\u017cby wojskowej, oraz kobiety pobieraj\u0105ce nauk\u0119 w celu uzyskania tych kwalifikacji, kt\u00f3re w roku szkolnym lub akademickim 2018\/2019 ko\u0144cz\u0105 nauk\u0119 w szko\u0142ach lub uczelniach medycznych i weterynaryjnych oraz na kierunkach psychologicznych albo b\u0119d\u0105ce studentkami lub absolwentkami tych szk\u00f3\u0142 lub kierunk\u00f3w (o kt\u00f3rych mowa w \u00a7 2 rozporz\u0105dzenia Rady Ministr\u00f3w z dnia 28 kwietnia 2017 r. w sprawie wskazania grup kobiet poddanych obowi\u0105zkowi stawienia si\u0119 do kwalifikacji wojskowej).<\/strong><\/p>\n<p align=\"justify\">Obowi\u0105zkowi kwalifikacji wojskowej podlegaj\u0105 osoby zameldowane na pobyt sta\u0142y lub czasowy trwaj\u0105cy ponad trzy miesi\u0105ce na terenie miasta i gminy \u015acinawa.<br \/>\nKwalifikacja wojskowa odb\u0119dzie si\u0119 w siedzibie Powiatowej Komisji Lekarskiej w Lubinie przy ul. Komisji Edukacji Narodowej 6, (dawniej Zesp\u00f3\u0142 Szk\u00f3\u0142 Zawodowych i Og\u00f3lnokszta\u0142c\u0105cych w Lubinie) w dniach: 21-22 marca 2019 roku.<\/p>\n<p align=\"justify\"><strong>Nieotrzymanie wezwania imiennego nie zwalnia os\u00f3b podlegaj\u0105cych kwalifikacji wojskowej od obowi\u0105zku stawienia si\u0119 w terminie i miejscu wskazanym w Obwieszczeniu Wojewody Dolno\u015bl\u0105skiego z dnia 18 stycznia 2019 r. w sprawie przeprowadzenia kwalifikacji wojskowej na terenie wojew\u00f3dztwa dolno\u015bl\u0105skiego w 2019 roku.<\/strong><\/p>\n","protected":false},"excerpt":{"rendered":"<p>Informacja w sprawie przeprowadzenia kwalifikacji wojskowej na terenie miasta i gminy \u015acinawa. Burmistrz \u015acinawy wzywa do kwalifikacji wojskowej: \u2022 m\u0119\u017cczyzn<\/p>\n","protected":false},"author":3,"featured_media":17557,"comment_status":"open","ping_status":"open","sticky":false,"template":"","format":"standard","meta":{"ngg_post_thumbnail":0},"categories":[12,3],"tags":[396,941,940],"_links":{"self":[{"href":"https:\/\/scinawa.pl\/index.php\/wp-json\/wp\/v2\/posts\/18729"}],"collection":[{"href":"https:\/\/scinawa.pl\/index.php\/wp-json\/wp\/v2\/posts"}],"about":[{"href":"https:\/\/scinawa.pl\/index.php\/wp-json\/wp\/v2\/types\/post"}],"author":[{"embeddable":true,"href":"https:\/\/scinawa.pl\/index.php\/wp-json\/wp\/v2\/users\/3"}],"replies":[{"embeddable":true,"href":"https:\/\/scinawa.pl\/index.php\/wp-json\/wp\/v2\/comments?post=18729"}],"version-history":[{"count":2,"href":"https:\/\/scinawa.pl\/index.php\/wp-json\/wp\/v2\/posts\/18729\/revisions"}],"predecessor-version":[{"id":18731,"href":"https:\/\/scinawa.pl\/index.php\/wp-json\/wp\/v2\/posts\/18729\/revisions\/18731"}],"wp:featuredmedia":[{"embeddable":true,"href":"https:\/\/scinawa.pl\/index.php\/wp-json\/wp\/v2\/media\/17557"}],"wp:attachment":[{"href":"https:\/\/scinawa.pl\/index.php\/wp-json\/wp\/v2\/media?parent=18729"}],"wp:term":[{"taxonomy":"category","embeddable":true,"href":"https:\/\/scinawa.pl\/index.php\/wp-json\/wp\/v2\/categories?post=18729"},{"taxonomy":"post_tag","embeddable":true,"href":"https:\/\/scinawa.pl\/index.php\/wp-json\/wp\/v2\/tags?post=18729"}],"curies":[{"name":"wp","href":"https:\/\/api.w.org\/{rel}","templated":true}]}}