{"id":18069,"date":"2018-10-26T08:45:39","date_gmt":"2018-10-26T06:45:39","guid":{"rendered":"http:\/\/nowa.scinawa.pl\/?p=18069"},"modified":"2018-10-26T08:45:39","modified_gmt":"2018-10-26T06:45:39","slug":"straszny-dwor-w-hali-lubinskiego-rcs","status":"publish","type":"post","link":"https:\/\/scinawa.pl\/index.php\/2018\/10\/26\/straszny-dwor-w-hali-lubinskiego-rcs\/","title":{"rendered":"\u201eStraszny Dw\u00f3r\u201d w hali lubi\u0144skiego RCS"},"content":{"rendered":"<p align=\"justify\"><strong>Najs\u0142ynniejsze dzie\u0142o Stanis\u0142awa Moniuszki, w re\u017cyserii Tomasza Janczaka, b\u0119dzie mo\u017cna zobaczy\u0107 na \u017cywo w hali RCS w Lubinie 22 grudnia 2018 o godz.18.00. \u201eStraszny Dw\u00f3r\u201d to wybitne widowisko, w kt\u00f3rym udzia\u0142 bierze ponad stu artyst\u00f3w. Patronat nad wydarzeniem obj\u0119li: Starostwo Powiatowe w Lubinie, Radio Plus Legnica oraz Grupa TVL.<\/strong><\/p>\n<p align=\"justify\">XIX wieczna opera sw\u00f3j ponadczasowy charakter zawdzi\u0119cza poruszanej tematyce- uniwersalne i\u00a0aktualne do dzi\u015b warto\u015bci oraz patriotyczna wymowa dzie\u0142a sprawiaj\u0105, \u017ce jest ona niew\u0105tpliwie spektaklem, kt\u00f3rego nie mo\u017cna przeoczy\u0107.<\/p>\n<p align=\"justify\">Specjalnie dla Pa\u0144stwa wyst\u0105pi\u0105: Dolno\u015bl\u0105ska Filharmonia z Jeleniej G\u00f3ry, najlepsi soli\u015bci polskich teatr\u00f3w operowych, Ch\u00f3r Festiwalowy oraz Zesp\u00f3\u0142 Pie\u015bni i Ta\u0144ca z Wa\u0142brzycha. Opr\u00f3cz profesjonalnego nag\u0142o\u015bnienia i specjalnie zaprojektowanej oprawy \u015bwietlnej zapewniona zostanie oprawa sceniczna w postaci wielkoformatowych ekran\u00f3w LED, kt\u00f3re dzi\u0119ki emisji obraz\u00f3w pomog\u0105 w odbiorze dzie\u0142a i wzmocni\u0105 odbierane bod\u017ace. \u0141\u0105czny czas wyst\u0119pu to a\u017c 240 minut!<br \/>\nWi\u0119cej informacji na stronie RCS:<span style=\"color: #ff0000;\"><strong> <a style=\"color: #ff0000;\" href=\"http:\/\/rcslubin.pl\/wydarzenie\/opera-straszny-dwor\">TUTAJ<\/a><\/strong><\/span>.<\/p>\n<p>\u0179r\u00f3d\u0142o: materia\u0142y organizatora &#8211; Events Factory<\/p>\n<p align=\"justify\"><img decoding=\"async\" loading=\"lazy\" class=\"aligncenter size-full wp-image-18072\" src=\"http:\/\/nowa.scinawa.pl\/wp-content\/uploads\/2018\/10\/36438.png\" alt=\"\" width=\"540\" height=\"760\" srcset=\"https:\/\/scinawa.pl\/wp-content\/uploads\/2018\/10\/36438.png 540w, https:\/\/scinawa.pl\/wp-content\/uploads\/2018\/10\/36438-213x300.png 213w\" sizes=\"(max-width: 540px) 100vw, 540px\" \/><\/p>\n","protected":false},"excerpt":{"rendered":"<p>Najs\u0142ynniejsze dzie\u0142o Stanis\u0142awa Moniuszki, w re\u017cyserii Tomasza Janczaka, b\u0119dzie mo\u017cna zobaczy\u0107 na \u017cywo w hali RCS w Lubinie 22 grudnia<\/p>\n","protected":false},"author":3,"featured_media":18073,"comment_status":"open","ping_status":"open","sticky":false,"template":"","format":"standard","meta":{"ngg_post_thumbnail":0},"categories":[12,40],"tags":[849,850,851,848],"_links":{"self":[{"href":"https:\/\/scinawa.pl\/index.php\/wp-json\/wp\/v2\/posts\/18069"}],"collection":[{"href":"https:\/\/scinawa.pl\/index.php\/wp-json\/wp\/v2\/posts"}],"about":[{"href":"https:\/\/scinawa.pl\/index.php\/wp-json\/wp\/v2\/types\/post"}],"author":[{"embeddable":true,"href":"https:\/\/scinawa.pl\/index.php\/wp-json\/wp\/v2\/users\/3"}],"replies":[{"embeddable":true,"href":"https:\/\/scinawa.pl\/index.php\/wp-json\/wp\/v2\/comments?post=18069"}],"version-history":[{"count":3,"href":"https:\/\/scinawa.pl\/index.php\/wp-json\/wp\/v2\/posts\/18069\/revisions"}],"predecessor-version":[{"id":18075,"href":"https:\/\/scinawa.pl\/index.php\/wp-json\/wp\/v2\/posts\/18069\/revisions\/18075"}],"wp:featuredmedia":[{"embeddable":true,"href":"https:\/\/scinawa.pl\/index.php\/wp-json\/wp\/v2\/media\/18073"}],"wp:attachment":[{"href":"https:\/\/scinawa.pl\/index.php\/wp-json\/wp\/v2\/media?parent=18069"}],"wp:term":[{"taxonomy":"category","embeddable":true,"href":"https:\/\/scinawa.pl\/index.php\/wp-json\/wp\/v2\/categories?post=18069"},{"taxonomy":"post_tag","embeddable":true,"href":"https:\/\/scinawa.pl\/index.php\/wp-json\/wp\/v2\/tags?post=18069"}],"curies":[{"name":"wp","href":"https:\/\/api.w.org\/{rel}","templated":true}]}}