{"id":17661,"date":"2018-08-28T18:00:33","date_gmt":"2018-08-28T16:00:33","guid":{"rendered":"http:\/\/nowa.scinawa.pl\/?p=17661"},"modified":"2018-08-28T13:01:28","modified_gmt":"2018-08-28T11:01:28","slug":"rocznica-zbrodni-lubinskiej-wielki-koncert-wolnosci","status":"publish","type":"post","link":"https:\/\/scinawa.pl\/index.php\/2018\/08\/28\/rocznica-zbrodni-lubinskiej-wielki-koncert-wolnosci\/","title":{"rendered":"Rocznica Zbrodni Lubi\u0144skiej, Wielki Koncert Wolno\u015bci"},"content":{"rendered":"<p align=\"justify\"><strong>W pi\u0105tek 31 sierpnia mieszka\u0144cy powiatu uczcz\u0105 36. rocznic\u0119 Zbrodni Lubi\u0144skiej. Na uroczyste obchody- oficjalne uroczysto\u015bci i Wielki Koncert Wolno\u015bci zapraszaj\u0105 starosta Adam Myrda i prezydent Robert Raczy\u0144ski. Ca\u0142o\u015b\u0107 rozpocznie si\u0119 o godzinie 17:00 msz\u0105 w ko\u015bciele pw. Matki Bo\u017cej Cz\u0119stochowskiej w Lubinie.<\/strong><\/p>\n<p align=\"justify\">Po mszy wszyscy przejd\u0105 ulic\u0105 Kopernika, zatrzymuj\u0105c si\u0119 w miejscach, gdzie w 1982 roku od kul ZOMO zgin\u0119li Micha\u0142 Adamowicz, Andrzej Trajkowski i Mieczys\u0142aw Po\u017aniak, a obecnie znajduj\u0105 si\u0119 pomniki upami\u0119tniaj\u0105ce tragiczne wydarzenia sprzed lat. Przemarsz zako\u0144czy si\u0119 pod pomnikiem Solidarno\u015bci, na Wzg\u00f3rzu Zamkowym, gdzie po godzinie 18:00 z\u0142o\u017cone zostan\u0105 kwiaty. Organizatorzy przygotowali odpowiedni\u0105 opraw\u0119 dla tego wydarzenia, u\u015bwietni\u0105 je mi\u0119dzy innymi stra\u017cacy i kibice, kt\u00f3rzy odpal\u0105 bia\u0142e i czerwone \u015bwiece dymne.<\/p>\n<p align=\"justify\">Wieczorem, o godzinie 20:00 na lubi\u0144skim rynku rozpocznie si\u0119 Wielki Koncert Wolno\u015bci, kt\u00f3ry ma upami\u0119tni\u0107 nie tylko 36. rocznic\u0119 Zbrodni Lubi\u0144skiej, ale r\u00f3wnie\u017c 100-lecie odzyskania przez Polsk\u0119 niepodleg\u0142o\u015bci. W sercu Lubina zagraj\u0105 takie gwiazdy jak: Krzysztof Cugowski, Kayah, Kamil Bednarek oraz Ania Karwan z &#8222;The Voice of Poland&#8221; oraz stuosobowa orkiestra Dziubek Band. W sercu miasta zostanie ustawiona ogromna scena, si\u0119gaj\u0105ca a\u017c do pierwszego pi\u0119tra. Stan\u0105 te\u017c trybuny z krzese\u0142kami- w sumie tysi\u0105c miejsc siedz\u0105cych.<\/p>\n<p align=\"justify\">To nie b\u0119dzie jednak tradycyjny koncert, ale prawdziwe widowisko, \u0142\u0105cz\u0105ce d\u017awi\u0119k z obrazem. Sto minut muzyki bez przerwy, kt\u00f3rej towarzyszy\u0107 b\u0119d\u0105 pokazy multimedialne i archiwalne fotografie. W czasie koncertu na fasadzie ratusza b\u0119dzie mo\u017cna podziwia\u0107 maping oraz pokazy laserowe.<\/p>\n<p align=\"justify\">To wszytko dok\u0142adnie w dzie\u0144, kiedy przypada rocznica tragicznych wydarze\u0144. Jednak nieco wcze\u015bniej, w czwartek 30 sierpnia w kinie Muza w Lubinie odb\u0119dzie si\u0119 przedpremierowa projekcja fabularnego filmu &#8222;Rykoszety&#8221;, kt\u00f3ry opowiada o Zbrodni Lubi\u0144skiej. Dwa dni p\u00f3\u017aniej, 1 wrze\u015bnia, produkcja zostanie wy\u015bwietlona dla wszystkich lubinian. Wi\u0119cej o tym mo\u017cna przeczyta\u0107:\u00a0 <span style=\"color: #ff0000;\"><strong><a style=\"color: #ff0000;\" href=\"http:\/\/www.lubin.pl\/fabularny-film-o-zbrodni-lubinskiej-przedpremiera-30-sierpnia\/\">TUTAJ<\/a><\/strong><\/span>.<\/p>\n<p align=\"justify\"><img decoding=\"async\" loading=\"lazy\" class=\"aligncenter size-full wp-image-17664\" src=\"http:\/\/nowa.scinawa.pl\/wp-content\/uploads\/2018\/08\/Rykoszety-plakat.jpg\" alt=\"\" width=\"929\" height=\"596\" srcset=\"https:\/\/scinawa.pl\/wp-content\/uploads\/2018\/08\/Rykoszety-plakat.jpg 929w, https:\/\/scinawa.pl\/wp-content\/uploads\/2018\/08\/Rykoszety-plakat-300x192.jpg 300w, https:\/\/scinawa.pl\/wp-content\/uploads\/2018\/08\/Rykoszety-plakat-768x493.jpg 768w\" sizes=\"(max-width: 929px) 100vw, 929px\" \/><\/p>\n<p align=\"justify\">Wielki Koncert Wolno\u015bci nie b\u0119dzie jedynym z okazji tak wa\u017cnej dla mieszka\u0144c\u00f3w regionu rocznicy. R\u00f3wnie\u017c Starostwo Powiatowe zaprasza na szczeg\u00f3lne wydarzenie. Do tej pory taki koncert organizowano w jednym z lubi\u0144skich ko\u015bcio\u0142\u00f3w. Tym razem odb\u0119dzie si\u0119 on w hali widowiskowo-sportowej RCS. 8 wrze\u015bnia o godz. 20 w Lubinie wyst\u0105pi\u0105 Soyka z zespo\u0142em oraz grupa D\u017cem. Wst\u0119p na koncert zatytu\u0142owany &#8222;Wolno\u015b\u0107&#8221; jest bezp\u0142atny.<\/p>\n<p align=\"justify\"><img decoding=\"async\" loading=\"lazy\" class=\"aligncenter size-full wp-image-17665\" src=\"http:\/\/nowa.scinawa.pl\/wp-content\/uploads\/2018\/08\/wielki-koncert-wolno\u015bci.jpg\" alt=\"\" width=\"733\" height=\"960\" srcset=\"https:\/\/scinawa.pl\/wp-content\/uploads\/2018\/08\/wielki-koncert-wolno\u015bci.jpg 733w, https:\/\/scinawa.pl\/wp-content\/uploads\/2018\/08\/wielki-koncert-wolno\u015bci-229x300.jpg 229w\" sizes=\"(max-width: 733px) 100vw, 733px\" \/><\/p>\n<p align=\"justify\"><img decoding=\"async\" loading=\"lazy\" class=\"aligncenter size-full wp-image-17666\" src=\"http:\/\/nowa.scinawa.pl\/wp-content\/uploads\/2018\/08\/koncert-Wolno\u015b\u0107.jpg\" alt=\"\" width=\"737\" height=\"960\" srcset=\"https:\/\/scinawa.pl\/wp-content\/uploads\/2018\/08\/koncert-Wolno\u015b\u0107.jpg 737w, https:\/\/scinawa.pl\/wp-content\/uploads\/2018\/08\/koncert-Wolno\u015b\u0107-230x300.jpg 230w\" sizes=\"(max-width: 737px) 100vw, 737px\" \/><\/p>\n<p>\u0179r\u00f3d\u0142o: lubin.pl., \u015bcinawa.pl<\/p>\n","protected":false},"excerpt":{"rendered":"<p>W pi\u0105tek 31 sierpnia mieszka\u0144cy powiatu uczcz\u0105 36. rocznic\u0119 Zbrodni Lubi\u0144skiej. Na uroczyste obchody- oficjalne uroczysto\u015bci i Wielki Koncert Wolno\u015bci<\/p>\n","protected":false},"author":3,"featured_media":17667,"comment_status":"open","ping_status":"open","sticky":false,"template":"","format":"standard","meta":{"ngg_post_thumbnail":0},"categories":[12],"tags":[807],"_links":{"self":[{"href":"https:\/\/scinawa.pl\/index.php\/wp-json\/wp\/v2\/posts\/17661"}],"collection":[{"href":"https:\/\/scinawa.pl\/index.php\/wp-json\/wp\/v2\/posts"}],"about":[{"href":"https:\/\/scinawa.pl\/index.php\/wp-json\/wp\/v2\/types\/post"}],"author":[{"embeddable":true,"href":"https:\/\/scinawa.pl\/index.php\/wp-json\/wp\/v2\/users\/3"}],"replies":[{"embeddable":true,"href":"https:\/\/scinawa.pl\/index.php\/wp-json\/wp\/v2\/comments?post=17661"}],"version-history":[{"count":6,"href":"https:\/\/scinawa.pl\/index.php\/wp-json\/wp\/v2\/posts\/17661\/revisions"}],"predecessor-version":[{"id":17671,"href":"https:\/\/scinawa.pl\/index.php\/wp-json\/wp\/v2\/posts\/17661\/revisions\/17671"}],"wp:featuredmedia":[{"embeddable":true,"href":"https:\/\/scinawa.pl\/index.php\/wp-json\/wp\/v2\/media\/17667"}],"wp:attachment":[{"href":"https:\/\/scinawa.pl\/index.php\/wp-json\/wp\/v2\/media?parent=17661"}],"wp:term":[{"taxonomy":"category","embeddable":true,"href":"https:\/\/scinawa.pl\/index.php\/wp-json\/wp\/v2\/categories?post=17661"},{"taxonomy":"post_tag","embeddable":true,"href":"https:\/\/scinawa.pl\/index.php\/wp-json\/wp\/v2\/tags?post=17661"}],"curies":[{"name":"wp","href":"https:\/\/api.w.org\/{rel}","templated":true}]}}