{"id":17397,"date":"2018-07-17T20:36:11","date_gmt":"2018-07-17T18:36:11","guid":{"rendered":"http:\/\/nowa.scinawa.pl\/?p=17397"},"modified":"2018-07-17T20:36:11","modified_gmt":"2018-07-17T18:36:11","slug":"scinawa-umie-sie-bawic-blues-dzien-ii","status":"publish","type":"post","link":"https:\/\/scinawa.pl\/index.php\/2018\/07\/17\/scinawa-umie-sie-bawic-blues-dzien-ii\/","title":{"rendered":"\u015acinawa umie si\u0119 bawi\u0107- BLUES dzie\u0144 II"},"content":{"rendered":"<p align=\"justify\">Drugiego dnia festiwalu dali o sobie zna\u0107 motocykli\u015bci. Imprez\u0119 rozpocz\u0119\u0142a ich parada ulicami \u015acinawy i miejscowo\u015bci s\u0105siednich. By\u0142o bardzo g\u0142o\u015bno, ale i efektownie, bo w\u0142a\u015bciciele maszyn dmuchaj\u0105 na nie i chuchaj\u0105, przez to dokonuj\u0105 r\u00f3\u017cnych poprawek, a ich motocykle s\u0105 nie tylko pi\u0119kne, ale i jedyne na ca\u0142ym \u015bwiecie.<\/p>\n<p><!--more--><\/p>\n<p align=\"justify\">P\u00f3\u017aniej zabawa przenios\u0142a si\u0119 ju\u017c do portu i pod sporych rozmiar\u00f3w scen\u0119, gdzie pojawili si\u0119 kolejni fantastyczni i wa\u017cni dla festiwalu wykonawcy. Rozpocz\u0105\u0142 inicjator \u015acinawskiego Bluesa nad Odr\u0105, cz\u0142owiek, kt\u00f3ry w tej muzyce rozkocha\u0142 ca\u0142e miasto- Dariusz \u0141ach, ze swoim Daro Blues Band. Nast\u0119pnie zagra\u0142y: Hot Lips oraz J.J. Band, czyli Jacek Jagu\u015b z zespo\u0142em.<\/p>\n<p align=\"justify\">Tu\u017c przed wyst\u0119pem gwiazd tegorocznego festiwalu na scenie podzi\u0119kowano wieloletniemu pracownikowi \u015bcinawskiego domu kultury- Kazimierzowi Makuchowskiemu, kt\u00f3ry w\u0142a\u015bnie przechodzi na zas\u0142u\u017con\u0105 emerytur\u0119.<\/p>\n<p align=\"justify\">Wreszcie na scenie pojawi\u0142a si\u0119 Martyna Jakubowicz, jej nostalgiczne piosenki maj\u0105 wymiar ponadczasowy, s\u0142uchane wiele razy i tak zmuszaj\u0105 do refleksji. Dama polskiego bluesa nie zawiod\u0142a, ka\u017cdy fan pod scen\u0105 na sw\u00f3j spos\u00f3b prze\u017cywa\u0142 spotkanie z artystk\u0105, a po koncercie czu\u0142 niedosyt, \u017ce Martyna Jakubowicz ju\u017c sko\u0144czy\u0142a. Jednak za chwil\u0119 zast\u0105pi\u0142 j\u0105 nie byle kto, bo kolejna ikona polskiej sceny muzycznej- Voo Voo ze swoim charyzmatycznym liderem Wojciechem Waglewskim. Zesp\u00f3\u0142 dzia\u0142a ju\u017c 33 lata i w tym czasie doczeka\u0142 si\u0119 wielu sympatyk\u00f3w.<\/p>\n<p align=\"justify\">&#8211; Obecno\u015b\u0107 gwiazd oraz bardzo wysoka frekwencja tylko potwierdzaj\u0105, jak\u0105 renom\u0105 cieszy si\u0119 \u015acinawski Blues nad Odr\u0105. Z zaanga\u017cowania i mi\u0142o\u015bci do muzyki prawdziwych pasjonat\u00f3w zrodzi\u0142 si\u0119 festiwal, z kt\u00f3rego \u015bcinawianie s\u0105 dumni i z niecierpliwo\u015bci\u0105 wyczekuj\u0105 kolejnych edycji- m\u00f3wi Kamila Grabka-Levin- dyrektor Centrum Turystyki i Kultury w \u015acinawie. &#8211; Oczywi\u015bcie organizacja to dla nas wszystkich wielka przyjemno\u015b\u0107, cho\u0107 i\u00a0 wyzwanie. Jeste\u015bmy jednak przekonani, \u017ce \u015acinawa doczeka\u0142a si\u0119 tradycji, a jak wiadomo, to co pi\u0119kne, nale\u017cy szanowa\u0107 i kultywowa\u0107. Wielu uczestnik\u00f3w ju\u017c zapowiedzia\u0142o swoj\u0105 obecno\u015b\u0107 na XII \u015acinawskim Bluesie nad Odr\u0105, wi\u0119c wszystkim go\u015bciom m\u00f3wimy do zobaczenia! &#8211; dodaje Kamila Grabka-Levin.<\/p>\n<p style=\"text-align: right;\"><em>Autor: Zygmunt Kogut<br \/>\n<\/em><em>Foto: Ania Podbucka, Kazimierz Makuchowski, Przemys\u0142aw Kulak &#8211; CTiK w \u015acinawie<\/em><\/p>\n<p align=\"justify\">O tegorocznym \u015acinawskim Bluesie nad Odr\u0105 szeroko informowa\u0142y inne media:<\/p>\n<ul>\n<li><a href=\"http:\/\/www.lubin.pl\/blues-i-warkot-setek-silnikow\/\" target=\"_blank\" rel=\"noopener\">Blues i warkot setek silnik\u00f3w <\/a><\/li>\n<li><a href=\"https:\/\/www.legnica.fm\/wiadomosci\/wiadomosci-fakty\/17-fakty-lubin\/22578-przez-scinawe-plynie-nie-tylko-odra-ale-i-blues\" target=\"_blank\" rel=\"noopener\">Przez \u015acinaw\u0119 p\u0142ynie nie tylko Odra, ale i BLUES!<\/a><\/li>\n<li><a href=\"https:\/\/e-legnickie.pl\/kultura-i-rozrywka-z-regionu\/lubin\/16910-cudowny-blues-i-ryczace-maszyny-foto\" target=\"_blank\" rel=\"noopener\">Cudowny blues i rycz\u0105ce maszyny (FOTO)<\/a><\/li>\n<li><a href=\"http:\/\/www.mostnaodrze.pl\/scinawski-blues-nad-odra-2018\/\" target=\"_blank\" rel=\"noopener\">\u015acinawski Blues nad Odr\u0105 2018<\/a><\/li>\n<\/ul>\n<p><img src='http:\/\/nowa.scinawa.pl\/wp-content\/plugins\/photo-gallery\/images\/icons\/gallery-icon.png' class='bwg_shortcode mceItem' title='Best_Wordpress_Gallery id=\"232\" gal_title=\"2018-07-17 - Blues dzie\u0144 2\"' \/><\/p>\n","protected":false},"excerpt":{"rendered":"<p>Drugiego dnia festiwalu dali o sobie zna\u0107 motocykli\u015bci. Imprez\u0119 rozpocz\u0119\u0142a ich parada ulicami \u015acinawy i miejscowo\u015bci s\u0105siednich. By\u0142o bardzo g\u0142o\u015bno,<\/p>\n","protected":false},"author":2,"featured_media":17398,"comment_status":"open","ping_status":"open","sticky":false,"template":"","format":"standard","meta":{"ngg_post_thumbnail":0},"categories":[12,40],"tags":[765,764,766,768,26],"_links":{"self":[{"href":"https:\/\/scinawa.pl\/index.php\/wp-json\/wp\/v2\/posts\/17397"}],"collection":[{"href":"https:\/\/scinawa.pl\/index.php\/wp-json\/wp\/v2\/posts"}],"about":[{"href":"https:\/\/scinawa.pl\/index.php\/wp-json\/wp\/v2\/types\/post"}],"author":[{"embeddable":true,"href":"https:\/\/scinawa.pl\/index.php\/wp-json\/wp\/v2\/users\/2"}],"replies":[{"embeddable":true,"href":"https:\/\/scinawa.pl\/index.php\/wp-json\/wp\/v2\/comments?post=17397"}],"version-history":[{"count":1,"href":"https:\/\/scinawa.pl\/index.php\/wp-json\/wp\/v2\/posts\/17397\/revisions"}],"predecessor-version":[{"id":17399,"href":"https:\/\/scinawa.pl\/index.php\/wp-json\/wp\/v2\/posts\/17397\/revisions\/17399"}],"wp:featuredmedia":[{"embeddable":true,"href":"https:\/\/scinawa.pl\/index.php\/wp-json\/wp\/v2\/media\/17398"}],"wp:attachment":[{"href":"https:\/\/scinawa.pl\/index.php\/wp-json\/wp\/v2\/media?parent=17397"}],"wp:term":[{"taxonomy":"category","embeddable":true,"href":"https:\/\/scinawa.pl\/index.php\/wp-json\/wp\/v2\/categories?post=17397"},{"taxonomy":"post_tag","embeddable":true,"href":"https:\/\/scinawa.pl\/index.php\/wp-json\/wp\/v2\/tags?post=17397"}],"curies":[{"name":"wp","href":"https:\/\/api.w.org\/{rel}","templated":true}]}}