{"id":17374,"date":"2018-07-11T16:24:17","date_gmt":"2018-07-11T14:24:17","guid":{"rendered":"http:\/\/nowa.scinawa.pl\/?p=17374"},"modified":"2018-07-11T16:35:10","modified_gmt":"2018-07-11T14:35:10","slug":"75-rocznica-zbrodni-wolynskiej","status":"publish","type":"post","link":"https:\/\/scinawa.pl\/index.php\/2018\/07\/11\/75-rocznica-zbrodni-wolynskiej\/","title":{"rendered":"75. ROCZNICA ZBRODNI WO\u0141Y\u0143SKIEJ"},"content":{"rendered":"<p align=\"justify\">Dzisiaj przypada 75. rocznica ZBRODNI WO\u0141Y\u0143SKIEJ, to w\u0142a\u015bnie 11 lipca obchodzimy Narodowy Dzie\u0144 Pami\u0119ci Ofiar M\u0119cze\u0144stwa i Ludob\u00f3jstwa Kresowian, w kt\u00f3rym wspominamy Polak\u00f3w bestialsko zamordowanych przez bandy UPA na Kresach Wschodnich II Rzeczpospolitej.<\/p>\n<p><!--more--><\/p>\n<p align=\"justify\">Dok\u0142adnie 75 lat temu podczas tzw. krwawej niedzieli oddzia\u0142y Ukrai\u0144skiej Powsta\u0144czej Armii (UPA) dokona\u0142y skoordynowanego ataku na 99 polskich miejscowo\u015bci, g\u0142\u00f3wnie w powiatach w\u0142odzimierskim i horochowskim, wszystko odby\u0142o si\u0119 pod has\u0142em &#8222;\u015amier\u0107 Lachom&#8221;. Nasi rodacy gin\u0119li od wide\u0142, siekier, kos, pi\u0142, no\u017cy, strza\u0142\u00f3w z pistolet\u00f3w, po czym polskie wsie by\u0142y palone i r\u00f3wnane z ziemi\u0105, aby uniemo\u017cliwi\u0107 ponowne osiedlenie.<\/p>\n<p align=\"justify\">Dla upami\u0119tnienia ofiar tych tragicznych wydarze\u0144, starosta lubi\u0144ski Adam Myrda organizacje dzisiaj w Lubinie powiatowe obchody zwi\u0105zane z rocznic\u0105 ZBRODNI WO\u0141Y\u0143SKIEJ. W uroczysto\u015bciach, jak co roku, udzia\u0142 wezm\u0105 przedstawiciele lokalnych samorz\u0105d\u00f3w, dzia\u0142acze polityczni, kombatanci i kresowianie, sw\u00f3j udzia\u0142 zapowiedzia\u0142 r\u00f3wnie\u017c burmistrz \u015acinawy Krystian Koszty\u0142a. <\/p>\n","protected":false},"excerpt":{"rendered":"<p>Dzisiaj przypada 75. rocznica ZBRODNI WO\u0141Y\u0143SKIEJ, to w\u0142a\u015bnie 11 lipca obchodzimy Narodowy Dzie\u0144 Pami\u0119ci Ofiar M\u0119cze\u0144stwa i Ludob\u00f3jstwa Kresowian, w<\/p>\n","protected":false},"author":2,"featured_media":17378,"comment_status":"open","ping_status":"open","sticky":false,"template":"","format":"standard","meta":{"ngg_post_thumbnail":0},"categories":[12,25],"tags":[578,760,759,758,757],"_links":{"self":[{"href":"https:\/\/scinawa.pl\/index.php\/wp-json\/wp\/v2\/posts\/17374"}],"collection":[{"href":"https:\/\/scinawa.pl\/index.php\/wp-json\/wp\/v2\/posts"}],"about":[{"href":"https:\/\/scinawa.pl\/index.php\/wp-json\/wp\/v2\/types\/post"}],"author":[{"embeddable":true,"href":"https:\/\/scinawa.pl\/index.php\/wp-json\/wp\/v2\/users\/2"}],"replies":[{"embeddable":true,"href":"https:\/\/scinawa.pl\/index.php\/wp-json\/wp\/v2\/comments?post=17374"}],"version-history":[{"count":2,"href":"https:\/\/scinawa.pl\/index.php\/wp-json\/wp\/v2\/posts\/17374\/revisions"}],"predecessor-version":[{"id":17379,"href":"https:\/\/scinawa.pl\/index.php\/wp-json\/wp\/v2\/posts\/17374\/revisions\/17379"}],"wp:featuredmedia":[{"embeddable":true,"href":"https:\/\/scinawa.pl\/index.php\/wp-json\/wp\/v2\/media\/17378"}],"wp:attachment":[{"href":"https:\/\/scinawa.pl\/index.php\/wp-json\/wp\/v2\/media?parent=17374"}],"wp:term":[{"taxonomy":"category","embeddable":true,"href":"https:\/\/scinawa.pl\/index.php\/wp-json\/wp\/v2\/categories?post=17374"},{"taxonomy":"post_tag","embeddable":true,"href":"https:\/\/scinawa.pl\/index.php\/wp-json\/wp\/v2\/tags?post=17374"}],"curies":[{"name":"wp","href":"https:\/\/api.w.org\/{rel}","templated":true}]}}