{"id":17149,"date":"2018-05-21T18:02:54","date_gmt":"2018-05-21T16:02:54","guid":{"rendered":"http:\/\/nowa.scinawa.pl\/?p=17149"},"modified":"2018-05-21T18:02:54","modified_gmt":"2018-05-21T16:02:54","slug":"naprawia-ubytki-na-drogach-powiatowych","status":"publish","type":"post","link":"https:\/\/scinawa.pl\/index.php\/2018\/05\/21\/naprawia-ubytki-na-drogach-powiatowych\/","title":{"rendered":"Naprawi\u0105 ubytki na drogach powiatowych"},"content":{"rendered":"<p align=\"justify\">Od dzisiaj Zak\u0142ad Gospodarki Komunalnej w \u015acinawie Sp. z o. o. rozpocz\u0105\u0142 roboty zwi\u0105zane z napraw\u0105 ubytk\u00f3w zagra\u017caj\u0105cych bezpiecze\u0144stwo u\u017cytkownik\u00f3w dr\u00f3g. Na drogach powiatowych, na kt\u00f3rych b\u0119d\u0105 realizowane prace, wykorzystana b\u0119dzie masa asfaltowa na zimno.<\/p>\n<p><!--more--><\/p>\n<p align=\"justify\">Poni\u017cej przedstawiamy harmonogram prac w obr\u0119bie gminy \u015acinawa:<\/p>\n<ul>\n<li>21-22. 05. 2018 r.- droga powiatowa 1208D \u015acinawa- Toszowice oraz droga powiatowa 1211D Tymowa- Dzies\u0142aw;<\/li>\n<li>22. 05. 2018 r.- droga powiatowa 1237D \u015acinawa (ul. Mickiewicza od stra\u017cy po\u017carnej w kierunku Wo\u0142owskiej oraz ulica Wo\u0142owska do pomnika przy stadionie);<\/li>\n<li>23-25. 05. 2018 r. droga powiatowa 1237D \u015acinawa- Wielowie\u015b oraz droga powiatowa 1237D Wielowie\u015b- Redlice;<\/li>\n<li>28-29. 05. 2018 r. droga powiatowa 1223D Parszowice- Niemst\u00f3w oraz droga powiatowa 1223D Parszowice- Zabor\u00f3w;<\/li>\n<li>30. 05. 2018 r. droga powiatowa 1238D Dziewin;<\/li>\n<li>01. 06. 2018 r. droga powiatowa 1222D R\u0119sz\u00f3w;<\/li>\n<li>04. 06. 2018 r. droga powiatowa 1221D D\u0105browa Dolna i D\u0105browa \u015arodkowa.<\/li>\n<\/ul>\n<p align=\"justify\">Ponadto w pierwszej po\u0142owie miesi\u0105ca czerwca ZGK planuje rozpocz\u0105\u0107 prace zwi\u0105zane z napraw\u0105 dr\u00f3g powiatowych za pomoc\u0105 remontera typu Patcher, drugi etap z tym zwi\u0105zany zaplanowano na prze\u0142omie miesi\u0105ca wrze\u015bnia i pa\u017adziernika br.<\/p>\n<p align=\"justify\">&#8211; Wiosenne koszenie traw na poboczach dr\u00f3g powiatowych w naszym obr\u0119bie rozpoczynamy w pierwszym tygodniu miesi\u0105ca czerwca- informuje prezes sp\u00f3\u0142ki Zbigniew W\u0119grzyn. &#8211; Z kolei \u015bcink\u0119 i napraw\u0119 poboczy na cz\u0119\u015bci dr\u00f3g powiatowych w obr\u0119bie naszej gminy deklarujemy wykona\u0107 do ko\u0144ca miesi\u0105ca sierpnia br.- dodaje.<\/p>\n<p align=\"justify\">W zwi\u0105zku z zaplanowanymi remontami prosimy u\u017cytkownik\u00f3w dr\u00f3g o zachowanie szczeg\u00f3lnej ostro\u017cno\u015bci podczas jazdy na wy\u017cej wskazanych odcinkach dr\u00f3g.<\/p>\n","protected":false},"excerpt":{"rendered":"<p>Od dzisiaj Zak\u0142ad Gospodarki Komunalnej w \u015acinawie Sp. z o. o. rozpocz\u0105\u0142 roboty zwi\u0105zane z napraw\u0105 ubytk\u00f3w zagra\u017caj\u0105cych bezpiecze\u0144stwo u\u017cytkownik\u00f3w<\/p>\n","protected":false},"author":2,"featured_media":17150,"comment_status":"open","ping_status":"open","sticky":false,"template":"","format":"standard","meta":{"ngg_post_thumbnail":0},"categories":[12,3,2],"tags":[673,405,364],"_links":{"self":[{"href":"https:\/\/scinawa.pl\/index.php\/wp-json\/wp\/v2\/posts\/17149"}],"collection":[{"href":"https:\/\/scinawa.pl\/index.php\/wp-json\/wp\/v2\/posts"}],"about":[{"href":"https:\/\/scinawa.pl\/index.php\/wp-json\/wp\/v2\/types\/post"}],"author":[{"embeddable":true,"href":"https:\/\/scinawa.pl\/index.php\/wp-json\/wp\/v2\/users\/2"}],"replies":[{"embeddable":true,"href":"https:\/\/scinawa.pl\/index.php\/wp-json\/wp\/v2\/comments?post=17149"}],"version-history":[{"count":1,"href":"https:\/\/scinawa.pl\/index.php\/wp-json\/wp\/v2\/posts\/17149\/revisions"}],"predecessor-version":[{"id":17151,"href":"https:\/\/scinawa.pl\/index.php\/wp-json\/wp\/v2\/posts\/17149\/revisions\/17151"}],"wp:featuredmedia":[{"embeddable":true,"href":"https:\/\/scinawa.pl\/index.php\/wp-json\/wp\/v2\/media\/17150"}],"wp:attachment":[{"href":"https:\/\/scinawa.pl\/index.php\/wp-json\/wp\/v2\/media?parent=17149"}],"wp:term":[{"taxonomy":"category","embeddable":true,"href":"https:\/\/scinawa.pl\/index.php\/wp-json\/wp\/v2\/categories?post=17149"},{"taxonomy":"post_tag","embeddable":true,"href":"https:\/\/scinawa.pl\/index.php\/wp-json\/wp\/v2\/tags?post=17149"}],"curies":[{"name":"wp","href":"https:\/\/api.w.org\/{rel}","templated":true}]}}