{"id":17064,"date":"2018-05-10T14:33:18","date_gmt":"2018-05-10T12:33:18","guid":{"rendered":"http:\/\/nowa.scinawa.pl\/?p=17064"},"modified":"2018-05-10T14:41:47","modified_gmt":"2018-05-10T12:41:47","slug":"koncert-patriotyczny-juz-w-najblizsza-sobote","status":"publish","type":"post","link":"https:\/\/scinawa.pl\/index.php\/2018\/05\/10\/koncert-patriotyczny-juz-w-najblizsza-sobote\/","title":{"rendered":"Koncert patriotyczny ju\u017c w najbli\u017csz\u0105 sobot\u0119"},"content":{"rendered":"<p><P align=\"justify\">Ju\u017c w najbli\u017csz\u0105 sobot\u0119, 12 maja burmistrz \u015acinawy Krystian Koszty\u0142a wraz z cz\u0142onkiem zarz\u0105du Wojew\u00f3dztwa Dolno\u015bl\u0105skiego Tadeuszem Samborskim serdecznie zapraszaj\u0105 na okoliczno\u015bciowy koncert patriotyczny w wykonaniu Zespo\u0142u Ta\u0144ca Ludowego Uniwersytetu Marii Curie-Sk\u0142adowskiej w Lublinie. <\/p>\n<p><!--more--><\/p>\n<p><P align=\"justify\">Zesp\u00f3\u0142 powsta\u0142 w 1953 r. Jest najstarszym reprezentacyjnym studenckim Zespo\u0142em artystycznym UMCS, za\u0142o\u017conym i kierowanym do dzi\u015b przez magistra Stanis\u0142awa Leszczy\u0144skiego, starszego wyk\u0142adowc\u0119 uniwersyteckiego Studium Wychowania Fizycznego i Sportu. G\u0142\u00f3wnym celem dzia\u0142alno\u015bci Zespo\u0142u jest rozta\u0144czenie i roz\u015bpiewanie m\u0142odzie\u017cy akademickiej oraz uwra\u017cliwienie jej na pi\u0119kno muzyki, s\u0142owa, ruchu i gestu. Zesp\u00f3\u0142 liczy oko\u0142o 300 os\u00f3b, a dotychczas ta\u0144czy\u0142o w nim ju\u017c ponad 7000 student\u00f3w, kt\u00f3rzy pozostali jego wiernymi sympatykami. Wychowankowie Zespo\u0142u Ta\u0144ca Ludowego UMCS s\u0105 kierownikami ponad 40 zespo\u0142\u00f3w folklorystycznych w r\u00f3\u017cnych zak\u0105tkach kraju. Zesp\u00f3\u0142 jest dobrze znany ludno\u015bci miast i wsi &#8211; da\u0142 ponad 6500 koncert\u00f3w w wi\u0119kszo\u015bci wojew\u00f3dztw. Na swym koncie mo\u017ce odnotowa\u0107 260 woja\u017cy za granic\u0119 do 51 kraj\u00f3w na 5 kontynentach, gdzie da\u0142 oko\u0142o 5000 koncert\u00f3w. <\/p>\n<p><P align=\"justify\">To wyj\u0105tkowe wydarzenie odb\u0119dzie si\u0119 <STRONG> w sali widowiskowej Centrum Turystyki i Kultury w \u015acinawie o godz. 18:00<\/STRONG>.<\/p>\n<p><P align=\"justify\">Repertuar przewiduje ta\u0144ce narodowe, regionalne oraz piosenki i przy\u015bpiewki ludowe.<\/p>\n<p><P align=\"justify\">Projekt jest wsp\u00f3\u0142finansowany ze \u015brodk\u00f3w bud\u017cetu Wojew\u00f3dztwa Dolno\u015bl\u0105skiego. <\/p>\n<p><a href=\"http:\/\/nowa.scinawa.pl\/wp-content\/uploads\/2018\/05\/koncert-12-maja.jpg\"><img decoding=\"async\" loading=\"lazy\" src=\"http:\/\/nowa.scinawa.pl\/wp-content\/uploads\/2018\/05\/koncert-12-maja-720x1024.jpg\" alt=\"\" width=\"720\" height=\"1024\" class=\"aligncenter size-large wp-image-17067\" srcset=\"https:\/\/scinawa.pl\/wp-content\/uploads\/2018\/05\/koncert-12-maja-720x1024.jpg 720w, https:\/\/scinawa.pl\/wp-content\/uploads\/2018\/05\/koncert-12-maja-211x300.jpg 211w, https:\/\/scinawa.pl\/wp-content\/uploads\/2018\/05\/koncert-12-maja-768x1093.jpg 768w\" sizes=\"(max-width: 720px) 100vw, 720px\" \/><\/a><\/p>\n","protected":false},"excerpt":{"rendered":"<p>Ju\u017c w najbli\u017csz\u0105 sobot\u0119, 12 maja burmistrz \u015acinawy Krystian Koszty\u0142a wraz z cz\u0142onkiem zarz\u0105du Wojew\u00f3dztwa Dolno\u015bl\u0105skiego Tadeuszem Samborskim serdecznie zapraszaj\u0105<\/p>\n","protected":false},"author":2,"featured_media":17069,"comment_status":"open","ping_status":"open","sticky":false,"template":"","format":"standard","meta":{"ngg_post_thumbnail":0},"categories":[12,2],"tags":[651,654,573,653,652,655],"_links":{"self":[{"href":"https:\/\/scinawa.pl\/index.php\/wp-json\/wp\/v2\/posts\/17064"}],"collection":[{"href":"https:\/\/scinawa.pl\/index.php\/wp-json\/wp\/v2\/posts"}],"about":[{"href":"https:\/\/scinawa.pl\/index.php\/wp-json\/wp\/v2\/types\/post"}],"author":[{"embeddable":true,"href":"https:\/\/scinawa.pl\/index.php\/wp-json\/wp\/v2\/users\/2"}],"replies":[{"embeddable":true,"href":"https:\/\/scinawa.pl\/index.php\/wp-json\/wp\/v2\/comments?post=17064"}],"version-history":[{"count":3,"href":"https:\/\/scinawa.pl\/index.php\/wp-json\/wp\/v2\/posts\/17064\/revisions"}],"predecessor-version":[{"id":17070,"href":"https:\/\/scinawa.pl\/index.php\/wp-json\/wp\/v2\/posts\/17064\/revisions\/17070"}],"wp:featuredmedia":[{"embeddable":true,"href":"https:\/\/scinawa.pl\/index.php\/wp-json\/wp\/v2\/media\/17069"}],"wp:attachment":[{"href":"https:\/\/scinawa.pl\/index.php\/wp-json\/wp\/v2\/media?parent=17064"}],"wp:term":[{"taxonomy":"category","embeddable":true,"href":"https:\/\/scinawa.pl\/index.php\/wp-json\/wp\/v2\/categories?post=17064"},{"taxonomy":"post_tag","embeddable":true,"href":"https:\/\/scinawa.pl\/index.php\/wp-json\/wp\/v2\/tags?post=17064"}],"curies":[{"name":"wp","href":"https:\/\/api.w.org\/{rel}","templated":true}]}}