{"id":16932,"date":"2018-04-19T21:25:37","date_gmt":"2018-04-19T19:25:37","guid":{"rendered":"http:\/\/nowa.scinawa.pl\/?p=16932"},"modified":"2018-05-04T14:40:38","modified_gmt":"2018-05-04T12:40:38","slug":"zaglosuj-na-projekty-dedykowane-scinawianom","status":"publish","type":"post","link":"https:\/\/scinawa.pl\/index.php\/2018\/04\/19\/zaglosuj-na-projekty-dedykowane-scinawianom\/","title":{"rendered":"Zag\u0142osuj na projekty dedykowane \u015bcinawianom!"},"content":{"rendered":"<p><P align=\"justify\">Grupa inicjatywna mieszka\u0144c\u00f3w powiatu polkowickiego, wo\u0142owskiego oraz lubi\u0144skiego, w tym gminy \u015acinawa bierze udzia\u0142 w konkursie organizowanym przez samorz\u0105d wojew\u00f3dztwa dolno\u015bl\u0105skiego. Chc\u0105c spr\u00f3bowa\u0107 swoich si\u0142 w plebiscycie mieszka\u0144cy z\u0142o\u017cyli dwa wnioski projektowe, jeden z dziedziny kultury, a drugi z zakresu sportu i turystyki- wszystko w ramach Programu \u201eAktywny Dolny \u015al\u0105sk\u201d. M\u00f3g\u0142 z niego skorzysta\u0107 ka\u017cdy pe\u0142noletni mieszkaniec Dolnego \u015al\u0105ska, kt\u00f3ry do swojego pomys\u0142u przekona\u0142 min. 50 os\u00f3b. Przedsi\u0119wzi\u0119cia zyska\u0142y aprobat\u0119 i teraz, aby uzyska\u0142y dofinansowanie, a ich realizacja by\u0142a mo\u017cliwa, wystarczy odda\u0107 sw\u00f3j g\u0142os. Do czego bardzo zach\u0119camy!<\/P><!--more--><\/p>\n<p><P align=\"justify\">Pierwszy projekt pn. &#8222;Aktywna Rodzina&#8221; przewiduje wyjazdy dla ca\u0142ych rodzin w pi\u0119kne miejsca. Wycieczki maj\u0105 na celu promowa\u0107 pi\u0119kne miejsca na Dolnym \u015al\u0105sku oraz aktywny wypoczynek, kt\u00f3ry przynosi wiele korzy\u015bci. W trakcie wyjazd\u00f3w przewidziane s\u0105 wsp\u00f3lne gry, zabawy, treningi i relaks dla mieszka\u0144c\u00f3w powiatu lubi\u0144skiego oraz polkowickiego.<\/P><\/p>\n<p><P align=\"justify\">Z kolei w projekt z\u0142o\u017cony w ramach dzia\u0142ania &#8222;Lokalnie Kulturalnie&#8221; wpisuj\u0105 si\u0119 r\u00f3\u017cnego rodzaju festiwale dla dzieci i doros\u0142ych, kt\u00f3re maj\u0105 na celu promowaniu kultury w\u015br\u00f3d mieszka\u0144c\u00f3w powiatu lubi\u0144skiego, polkowickiego i wo\u0142owskiego. Festiwale b\u0119d\u0105 dotyczy\u0142y ta\u0144c\u00f3w, \u015bpiew\u00f3w, warsztat\u00f3w teatralnych, r\u0119kodzie\u0142a oraz zaj\u0119\u0107 j\u0119zykowych.<\/P><\/p>\n<p><P align=\"justify\">Zasady s\u0105 nast\u0119puj\u0105ce:<\/P><\/p>\n<p><P align=\"justify\">G\u0142osowa\u0107 mo\u017ce ka\u017cdy mieszkaniec wojew\u00f3dztwa dolno\u015bl\u0105skiego, kt\u00f3ry uko\u0144czy\u0142 16 lat- mo\u017cna zag\u0142osowa\u0107 na dwa projekty, w tym jeden z dziedziny kultury oraz jeden z obszaru sportu i turystyki, niezale\u017cnie od miejsca zamieszkania.<\/P><\/p>\n<p><P align=\"justify\">G\u0142osowanie odbywa si\u0119 tylko i wy\u0142\u0105cznie przez Internet, pod linkiem: <a href=\"https:\/\/aktywny.dolnyslask.pl\/budzet\/karta-glosowania-2018\/\" rel=\"noopener\" target=\"_blank\">aktywny.dolnyslask.pl<\/a>, gdzie jest dost\u0119pny specjalny formularz do g\u0142osowania. W pierwszym wyborze nale\u017cy odszuka\u0107 projekt nr 113 &#8211; &#8222;Aktywna Rodzina&#8221;, a w oknie poni\u017cej wy\u015bwietli\u0107 projekt nr 115- &#8222;Lokalnie kulturalnie&#8221;.<\/P><\/p>\n<p><P align=\"justify\">G\u0142osy s\u0105 potwierdzane bezp\u0142atnym kodem sms wys\u0142anym na podany numer telefonu kom\u00f3rkowego (otrzymany kod sms nale\u017cy wpisa\u0107 do formularza, aby poprawnie odda\u0107 sw\u00f3j g\u0142os). Z jednego numeru telefonu mo\u017cna potwierdzi\u0107 trzy g\u0142osy oddane przez trzy r\u00f3\u017cne osoby (nr PESEL mo\u017cna wpisa\u0107 tylko raz).<\/P><\/p>\n<p><P align=\"justify\">G\u0142osowanie trwa do najbli\u017cszej niedzieli, 22 kwietnia do godziny 23.59. W ka\u017cdym z okr\u0119g\u00f3w minimum dziesi\u0119\u0107 projekt\u00f3w z najwy\u017csz\u0105 liczb\u0105 g\u0142os\u00f3w zostanie wspartych i zrealizowanych w tym cztery z dziedziny kultury i sze\u015b\u0107 z obszaru sportu i turystyki.<\/P><\/p>\n<p><P align=\"justify\">Celem Programu &#8222;Aktywny Dolny \u015al\u0105sk&#8221; jest przede wszystkim stworzenie skutecznego narz\u0119dzia budowania spo\u0142ecze\u0144stwa obywatelskiego na Dolnym \u015al\u0105sku oraz wzmacniania poczucia identyfikacji z regionem.<br \/>\nWsp\u00f3lnie mo\u017cemy zdzia\u0142a\u0107 wiele! Serdecznie zach\u0119camy do g\u0142osowania, ka\u017cdy z nas b\u0119dzie m\u00f3g\u0142 skorzysta\u0107 z zaplanowanych atrakcji.<\/P><\/p>\n","protected":false},"excerpt":{"rendered":"<p>Grupa inicjatywna mieszka\u0144c\u00f3w powiatu polkowickiego, wo\u0142owskiego oraz lubi\u0144skiego, w tym gminy \u015acinawa bierze udzia\u0142 w konkursie organizowanym przez samorz\u0105d wojew\u00f3dztwa<\/p>\n","protected":false},"author":2,"featured_media":16933,"comment_status":"open","ping_status":"open","sticky":false,"template":"","format":"standard","meta":{"ngg_post_thumbnail":0},"categories":[25],"tags":[539,606,605],"_links":{"self":[{"href":"https:\/\/scinawa.pl\/index.php\/wp-json\/wp\/v2\/posts\/16932"}],"collection":[{"href":"https:\/\/scinawa.pl\/index.php\/wp-json\/wp\/v2\/posts"}],"about":[{"href":"https:\/\/scinawa.pl\/index.php\/wp-json\/wp\/v2\/types\/post"}],"author":[{"embeddable":true,"href":"https:\/\/scinawa.pl\/index.php\/wp-json\/wp\/v2\/users\/2"}],"replies":[{"embeddable":true,"href":"https:\/\/scinawa.pl\/index.php\/wp-json\/wp\/v2\/comments?post=16932"}],"version-history":[{"count":4,"href":"https:\/\/scinawa.pl\/index.php\/wp-json\/wp\/v2\/posts\/16932\/revisions"}],"predecessor-version":[{"id":16937,"href":"https:\/\/scinawa.pl\/index.php\/wp-json\/wp\/v2\/posts\/16932\/revisions\/16937"}],"wp:featuredmedia":[{"embeddable":true,"href":"https:\/\/scinawa.pl\/index.php\/wp-json\/wp\/v2\/media\/16933"}],"wp:attachment":[{"href":"https:\/\/scinawa.pl\/index.php\/wp-json\/wp\/v2\/media?parent=16932"}],"wp:term":[{"taxonomy":"category","embeddable":true,"href":"https:\/\/scinawa.pl\/index.php\/wp-json\/wp\/v2\/categories?post=16932"},{"taxonomy":"post_tag","embeddable":true,"href":"https:\/\/scinawa.pl\/index.php\/wp-json\/wp\/v2\/tags?post=16932"}],"curies":[{"name":"wp","href":"https:\/\/api.w.org\/{rel}","templated":true}]}}