{"id":16924,"date":"2018-04-19T11:01:13","date_gmt":"2018-04-19T09:01:13","guid":{"rendered":"http:\/\/nowa.scinawa.pl\/?p=16924"},"modified":"2018-05-04T14:40:33","modified_gmt":"2018-05-04T12:40:33","slug":"pomozmy-malej-oli-w-walce-o-zycie","status":"publish","type":"post","link":"https:\/\/scinawa.pl\/index.php\/2018\/04\/19\/pomozmy-malej-oli-w-walce-o-zycie\/","title":{"rendered":"Pom\u00f3\u017cmy ma\u0142ej OLI w walce o \u017cycie!"},"content":{"rendered":"<p align=\"justify\">Zwracamy si\u0119 do wszystkich \u017cyczliwych os\u00f3b o wsparcie i udzielenie pomocy ma\u0142ej Oli i jej rodzicom w walce o zdrowie i \u017cycie. Ola urodzi\u0142a si\u0119 z wrodzon\u0105 wad\u0105 serduszka (HLHS- niedorozw\u00f3j lewej komory). Tylko kosztowne leczenie mo\u017ce pom\u00f3c dziewczynce. Tata Oli pochodzi z Tymowej w gminie \u015acinawa.<\/p>\n<p><!--more--><\/p>\n<p align=\"justify\">&#8211; Ola Janiszewska ma dwa latka, a polscy lekarze ju\u017c skazuj\u0105 j\u0105 na \u015bmier\u0107. Je\u015bli nie pomo\u017cemy jedyna po\u0142\u00f3wka malutkiego, chorego serduszka przestanie bi\u0107, dlatego te\u017c zwieramy szyki &#8211; m\u00f3wi\u0105 uczniowie ze Szko\u0142y Podstawowej w Tymowej.<\/p>\n<p align=\"justify\">Dziewczynka w swoim kr\u00f3tkim \u017cyciu przesz\u0142a ju\u017c dwie operacje na otwartym serduszku oraz dwa zabiegi cewnikowania serca. Obecnie ma komplikacje pooperacyjne, w tym zw\u0119\u017cenie lewej t\u0119tnicy p\u0142ucnej. Nadszed\u0142 czas na wykonanie trzeciego etapu, korekcji wady serca. Profesor Malec zgodzi\u0142 si\u0119 operowa\u0107 Ol\u0119, w klinice na terenie Niemiec. Niestety koszt operacji wynosi 37 tys. euro i znacznie przekracza mo\u017cliwo\u015bci finansowe rodzic\u00f3w.<\/p>\n<p align=\"justify\">To w\u0142a\u015bnie m\u0142odzi tymowianie wraz z parafialn\u0105 schol\u0105 organizuj\u0105 i zapraszaj\u0105 na koncert charytatywny, kt\u00f3ry odb\u0119dzie si\u0119 ju\u017c w najbli\u017csz\u0105 niedziel\u0119, 22 kwietnia na \u015bwietlicy wiejskiej w Tymowej- pocz\u0105tek o godzinie 17:00. Podczas wydarzenia odb\u0119dzie si\u0119 zbi\u00f3rka pieni\u0119dzy na rzecz ma\u0142ej Oli Janiszewskiej.<\/p>\n<p align=\"justify\">Jednak wsparcia mo\u017cna udziela\u0107 na wiele innych sposob\u00f3w:<\/p>\n<p align=\"justify\">1) BIOR\u0104C UDZIA\u0141 W <a href=\"https:\/\/www.facebook.com\/groups\/546751185700229\/?ref=bookmarks\" target=\"_blank\" rel=\"noopener\">DEDYKOWANYCH LICYTACJACH<\/a>;<\/p>\n<p align=\"justify\">2) UCZESTNICZ\u0104C W OKOLICZNO\u015aCIOWYCH WYDARZENIACH:<\/p>\n<ol>\n<li><a href=\"https:\/\/www.facebook.com\/events\/272875569919937\/\" target=\"_blank\" rel=\"noopener\">Koncert Charytatywny dla Oli<\/a><\/li>\n<li><a href=\"https:\/\/www.facebook.com\/events\/167371490593838\/\" target=\"_blank\" rel=\"noopener\">Biegniemy dla Serduszka Ole\u0144ki<\/a><\/li>\n<li><a href=\"https:\/\/www.facebook.com\/events\/590220024677475\/\" target=\"_blank\" rel=\"noopener\">Impreza Charytatywna Dla Oli &#8221; Z Sercem Dla Serca&#8221;<\/a><\/li>\n<\/ol>\n<p align=\"justify\">3) WP\u0141ACAJ\u0104C PIENI\u0104DZE bezpo\u015brednio na konto Ole\u0144ki:<br \/>\nFundacja na rzecz dzieci z wadami serca COR INFANTIS<br \/>\nul. Na\u0142\u0119czowska 24, 20-701 Lublin<br \/>\n86 1600 1101 0003 0502 1175 2150<br \/>\nz dopiskiem: &#8222;Aleksandra Janiszewska&#8221;<\/p>\n<p align=\"justify\">Dla wp\u0142at zagranicznych:<br \/>\nUSD PL93 1600 1101 0003 0502 1175 2024<br \/>\nEUR PL50 1600 1101 0003 0502 1175 2022<br \/>\nKod SWIFT dla przelew\u00f3w z zagranicy: ppabplpk<br \/>\nBank: BG\u017b BNP PARIBAS oddzia\u0142 w Lublinie<br \/>\nul. Probostwo 6A<br \/>\n20-089 Lublin<\/p>\n<p align=\"justify\">Fundacja Cor Infantis nie pobiera prowizji ani \u017cadnych dodatkowych op\u0142at. Ca\u0142o\u015b\u0107 zebranych \u015brodk\u00f3w przeznaczona jest na leczenie dziecka.<\/p>\n<p align=\"justify\">Nied\u0142ugo r\u00f3wnie\u017c zostanie utworzona zbi\u00f3rka na portalu siepomaga.pl<\/p>\n<p align=\"justify\">Zainteresowanych zach\u0119camy do \u015bledzenia strony ma\u0142ej Oli na portalu spo\u0142eczno\u015bciowym, gdzie zamieszczane s\u0105 bie\u017c\u0105ce informacje, dotycz\u0105ce organizowanych akcji charytatywnych: <a href=\"https:\/\/www.facebook.com\/olenka.waleczna.polowa.serduszka.HLHS\/\" target=\"_blank\" rel=\"noopener\">Ole\u0144ka &#8211; Waleczna Dziewczynka z Po\u0142ow\u0105 Serduszka HLHS<\/a><\/p>\n","protected":false},"excerpt":{"rendered":"<p>Zwracamy si\u0119 do wszystkich \u017cyczliwych os\u00f3b o wsparcie i udzielenie pomocy ma\u0142ej Oli i jej rodzicom w walce o zdrowie<\/p>\n","protected":false},"author":2,"featured_media":16930,"comment_status":"open","ping_status":"open","sticky":false,"template":"","format":"standard","meta":{"ngg_post_thumbnail":0},"categories":[2,40],"tags":[602,604,601,171,603],"_links":{"self":[{"href":"https:\/\/scinawa.pl\/index.php\/wp-json\/wp\/v2\/posts\/16924"}],"collection":[{"href":"https:\/\/scinawa.pl\/index.php\/wp-json\/wp\/v2\/posts"}],"about":[{"href":"https:\/\/scinawa.pl\/index.php\/wp-json\/wp\/v2\/types\/post"}],"author":[{"embeddable":true,"href":"https:\/\/scinawa.pl\/index.php\/wp-json\/wp\/v2\/users\/2"}],"replies":[{"embeddable":true,"href":"https:\/\/scinawa.pl\/index.php\/wp-json\/wp\/v2\/comments?post=16924"}],"version-history":[{"count":2,"href":"https:\/\/scinawa.pl\/index.php\/wp-json\/wp\/v2\/posts\/16924\/revisions"}],"predecessor-version":[{"id":16927,"href":"https:\/\/scinawa.pl\/index.php\/wp-json\/wp\/v2\/posts\/16924\/revisions\/16927"}],"wp:featuredmedia":[{"embeddable":true,"href":"https:\/\/scinawa.pl\/index.php\/wp-json\/wp\/v2\/media\/16930"}],"wp:attachment":[{"href":"https:\/\/scinawa.pl\/index.php\/wp-json\/wp\/v2\/media?parent=16924"}],"wp:term":[{"taxonomy":"category","embeddable":true,"href":"https:\/\/scinawa.pl\/index.php\/wp-json\/wp\/v2\/categories?post=16924"},{"taxonomy":"post_tag","embeddable":true,"href":"https:\/\/scinawa.pl\/index.php\/wp-json\/wp\/v2\/tags?post=16924"}],"curies":[{"name":"wp","href":"https:\/\/api.w.org\/{rel}","templated":true}]}}