{"id":16358,"date":"2018-02-16T15:30:42","date_gmt":"2018-02-16T14:30:42","guid":{"rendered":"http:\/\/nowa.scinawa.pl\/?p=16358"},"modified":"2018-03-11T11:40:15","modified_gmt":"2018-03-11T10:40:15","slug":"nie-bedzie-objazdu-bedzie-most","status":"publish","type":"post","link":"https:\/\/scinawa.pl\/index.php\/2018\/02\/16\/nie-bedzie-objazdu-bedzie-most\/","title":{"rendered":"Nie b\u0119dzie objazdu, b\u0119dzie most"},"content":{"rendered":"<p><P align=\"justify\">\u2013 Generalna dyrekcja po dzisiejszej wizji lokalnej zbuduje w \u015acinawie zast\u0119pczy most! \u2013 z tak\u0105 informacj\u0105 zadzwoni\u0142 do nas uradowany Czytelnik znad Odry. \u2013 To dla nas, mieszka\u0144c\u00f3w, wspania\u0142a wiadomo\u015b\u0107, bo w przeciwnym razie praktycznie zostaliby\u015bmy odci\u0119ci od \u015bwiata na sze\u015b\u0107 miesi\u0119cy \u2013 wyja\u015bnia.<\/p>\n<p><!--more--><\/p>\n<p><P align=\"justify\">O remont zabytkowego mostu nadodrza\u0144skie samorz\u0105dy zabiega\u0142y od lat, ale zawsze brakowa\u0142o pieni\u0119dzy.  Pisa\u0142 o tym portal lubin.pl <a href=\"http:\/\/www.lubin.pl\/most-w-scinawie-w-koncu-bedzie-remontowany\/\" rel=\"noopener\" target=\"_blank\">TUTAJ<\/a> i <a href=\"http:\/\/www.lubin.pl\/most-w-scinawie-nadal-czeka-na-remont\/\" rel=\"noopener\" target=\"_blank\">TUTAJ<\/a>. Wreszcie, na pocz\u0105tku roku, GDDKiA potwierdzi\u0142a \u2013 most b\u0119dzie naprawiony. Ale koncepcja zak\u0142ada\u0142a, \u017ce na czas remontu most b\u0119dzie dost\u0119pny jedynie dla pieszych. Kierowc\u00f3w natomiast czeka\u0142 niemal stukilometrowy objazd.<\/p>\n<p><P align=\"justify\">\u2013 Pr\u00f3bowali\u015bmy wcze\u015bniej interweniowa\u0107 w tej sprawie, by na mo\u015bcie uruchomi\u0107 ruch wahad\u0142owy, \u017ceby zamkn\u0105\u0107 jedn\u0105 nitk\u0119, a remontowa\u0107 drug\u0105. Proponowali\u015bmy nawet uruchomienie przeprawy promowej. Chcieli\u015bmy utrzyma\u0107 chocia\u017c minimalny ruch samochodowy. Niestety pro\u015bby mieszka\u0144c\u00f3w i przedsi\u0119biorc\u00f3w, kt\u00f3re sp\u0142ywa\u0142y do naszego samorz\u0105du, dotychczas nie przynosi\u0142y rezultat\u00f3w \u2013 t\u0142umaczy\u0142 w styczniu burmistrz \u015acinawy, Krystian Koszty\u0142a.<\/p>\n<p><P align=\"justify\">Okazuje si\u0119, \u017ce pro\u015bby i interwencje zar\u00f3wno urz\u0119dnik\u00f3w, jak i samych mieszka\u0144c\u00f3w jednak odnios\u0142y pozytywny skutek i sprawa nie jest przes\u0105dzona. Dzisiaj pracownicy dyrekcji sprawdzali w terenie mo\u017cliwo\u015bci budowy tymczasowego mostu nad Odr\u0105.<\/p>\n<p><P align=\"justify\">\u2013 Wroc\u0142awski oddzia\u0142 GDDKiA prowadzi intensywne dzia\u0142ania dotycz\u0105ce mo\u017cliwo\u015bci budowy mostu tymczasowego obok mostu przewidzianego do remontu \u2013 m\u00f3wi Joanna Borkowska z wroc\u0142awskiego oddzia\u0142u GDDKiA. \u2013 Aktualnie w przygotowywaniu s\u0105 materia\u0142y do zlecenia projektu koncepcyjnego takiego mostu wraz z uzyskaniem decyzji \u015brodowiskowej. Koncepcja ta wska\u017ce, jakie warunki techniczne i formalne musz\u0105 by\u0107 spe\u0142nione, aby by\u0142a mo\u017cliwa budowa tej tymczasowej przeprawy przez Odr\u0119 \u2013 wyja\u015bnia.<\/p>\n<p><P align=\"justify\">Zadowolenia z takiego obrotu sprawy nie kryje w\u0142odarz gminy.<\/p>\n<p><P align=\"justify\">\u2013 To bardzo dobra wiadomo\u015b\u0107. Mieszka\u0144cy s\u0105siedniej gminy robi\u0105 u nas zakupy, doje\u017cd\u017caj\u0105 tutaj do pracy, do szk\u00f3\u0142. Przedsi\u0119biorcy prowadz\u0105 dzia\u0142alno\u015b\u0107 po obu stronach Odry, wi\u0119c dla niekt\u00f3rych zamkni\u0119cie mostu oznacza\u0142oby po prostu bankructwo. I cho\u0107 zmiana koncepcji mo\u017ce nieco op\u00f3\u017ani\u0107 remont, to most zast\u0119pczy wydaje si\u0119 najlepszym rozwi\u0105zaniem \u2013 m\u00f3wi burmistrz.<\/p>\n<p><P align=\"right\">\u0179r\u00f3d\u0142o: Lubin.pl<\/p>\n","protected":false},"excerpt":{"rendered":"<p>\u2013 Generalna dyrekcja po dzisiejszej wizji lokalnej zbuduje w \u015acinawie zast\u0119pczy most! \u2013 z tak\u0105 informacj\u0105 zadzwoni\u0142 do nas uradowany<\/p>\n","protected":false},"author":2,"featured_media":16359,"comment_status":"open","ping_status":"open","sticky":false,"template":"","format":"standard","meta":{"ngg_post_thumbnail":0},"categories":[2],"tags":[468,403,52,26],"_links":{"self":[{"href":"https:\/\/scinawa.pl\/index.php\/wp-json\/wp\/v2\/posts\/16358"}],"collection":[{"href":"https:\/\/scinawa.pl\/index.php\/wp-json\/wp\/v2\/posts"}],"about":[{"href":"https:\/\/scinawa.pl\/index.php\/wp-json\/wp\/v2\/types\/post"}],"author":[{"embeddable":true,"href":"https:\/\/scinawa.pl\/index.php\/wp-json\/wp\/v2\/users\/2"}],"replies":[{"embeddable":true,"href":"https:\/\/scinawa.pl\/index.php\/wp-json\/wp\/v2\/comments?post=16358"}],"version-history":[{"count":3,"href":"https:\/\/scinawa.pl\/index.php\/wp-json\/wp\/v2\/posts\/16358\/revisions"}],"predecessor-version":[{"id":16387,"href":"https:\/\/scinawa.pl\/index.php\/wp-json\/wp\/v2\/posts\/16358\/revisions\/16387"}],"wp:featuredmedia":[{"embeddable":true,"href":"https:\/\/scinawa.pl\/index.php\/wp-json\/wp\/v2\/media\/16359"}],"wp:attachment":[{"href":"https:\/\/scinawa.pl\/index.php\/wp-json\/wp\/v2\/media?parent=16358"}],"wp:term":[{"taxonomy":"category","embeddable":true,"href":"https:\/\/scinawa.pl\/index.php\/wp-json\/wp\/v2\/categories?post=16358"},{"taxonomy":"post_tag","embeddable":true,"href":"https:\/\/scinawa.pl\/index.php\/wp-json\/wp\/v2\/tags?post=16358"}],"curies":[{"name":"wp","href":"https:\/\/api.w.org\/{rel}","templated":true}]}}