{"id":16092,"date":"2018-01-19T18:36:37","date_gmt":"2018-01-19T17:36:37","guid":{"rendered":"http:\/\/nowa.scinawa.pl\/?p=16092"},"modified":"2018-02-23T20:28:57","modified_gmt":"2018-02-23T19:28:57","slug":"skomponowal-utwor-na-100-lecie-odzyskania-niepodleglosci","status":"publish","type":"post","link":"https:\/\/scinawa.pl\/index.php\/2018\/01\/19\/skomponowal-utwor-na-100-lecie-odzyskania-niepodleglosci\/","title":{"rendered":"Skomponowa\u0142 utw\u00f3r na 100-lecie odzyskania niepodleg\u0142o\u015bci"},"content":{"rendered":"<p align=\"justify\">W bie\u017c\u0105cym roku przypada 100-lecie odzyskania przez Polsk\u0119 niepodleg\u0142o\u015bci. Wydarzenia zwi\u0105zane z obchodami zapowiadaj\u0105 si\u0119 wyj\u0105tkowo, zar\u00f3wno rz\u0105d, samorz\u0105dy, r\u00f3\u017cne instytucje, ale i zwykli mieszka\u0144cy chc\u0105 szczeg\u00f3lnie \u015bwi\u0119towa\u0107 t\u0119 rocznic\u0119. Jej celebrowanie tak naprawd\u0119 zacz\u0119\u0142o si\u0119 z pocz\u0105tkiem 2018 roku, a kulminacyjnym momentem b\u0119dzie 11 listopada.<\/p>\n<p><!--more--><\/p>\n<p align=\"justify\">W\u0142a\u015bnie z okazji 100-lecia odzyskania przez Polsk\u0119 niepodleg\u0142o\u015bci, \u015bcinawianin, Arkadiusz Wilczek, kt\u00f3ry jest muzykiem i te\u017c komponuje, napisa\u0142 utw\u00f3r Bitwa za Ojczyzn\u0119.<\/p>\n<p align=\"justify\">&#8211; Utw\u00f3r ten zacz\u0105\u0142em komponowa\u0107 ju\u017c w po\u0142owie poprzedniego roku z my\u015bl\u0105 o zbli\u017caj\u0105cych si\u0119 uroczysto\u015bciach zwi\u0105zanych z odzyskaniem przez nasz kraj niepodleg\u0142o\u015bci w listopadzie 1918 r. 100-letnia rocznica jest wspania\u0142\u0105 okazj\u0105 do tego, aby ten fakt upami\u0119tni\u0107 w najlepszy spos\u00f3b jaki potrafi\u0119&#8230; czyli przez swoj\u0105 muzyk\u0119- podkre\u015bla na profilu facebokoowym Arkadiusz Wilczek. &#8211; Bitwa za Ojczyzn\u0119 to utw\u00f3r, kt\u00f3ry zaliczam do tzw. miniatur fortepianowych. Nawi\u0105zuj\u0119 w nim do muzyki baroku oraz romantyzmu z elementami wsp\u00f3\u0142czesnej muzyki klasycznej wykorzystywanej w filmie. To ostatnie nawi\u0105zanie b\u0119dzie bardziej zauwa\u017calne w momencie ukazania si\u0119 wersji utworu z towarzyszeniem orkiestry symfonicznej, co mam nadziej\u0119 stanie si\u0119 w ci\u0105gu kliku najbli\u017cszych miesi\u0119cy- dodaje muzyk.<\/p>\n<p align=\"justify\">Wszystkich zainteresowanych zapraszam do zapoznania si\u0119 z tw\u00f3rczo\u015bci\u0105 \u015bcinawianina, utworu Bitwa za Ojczyzn\u0119 mo\u017cna pos\u0142ucha\u0107 <a href=\"https:\/\/soundcloud.com\/user-214584038\/battle-for-homeland\" rel=\"noopener\" target=\"_blank\">TUTAJ<\/a> oraz na youtubowym kanale pana Arkadiusza <a href=\"https:\/\/www.youtube.com\/watch?v=BN8lED2kBZ8&#038;feature=share\" rel=\"noopener\" target=\"_blank\">TUTAJ<\/a>. Zach\u0119camy tak\u017ce do odwiedzenia profilu <a href=\"https:\/\/www.facebook.com\/arcassomusicproduction\/\" rel=\"noopener\" target=\"_blank\">facebokoowego<\/a> muzyka, gdzie mo\u017cna nieco wi\u0119cej dowiedzie\u0107 si\u0119 o mieszka\u0144cu \u015acinawy, a tak\u017ce pos\u0142ucha\u0107 innych jego utwor\u00f3w.<\/p>\n<p align=\"justify\">&#8211; Ju\u017c dzisiaj, razem z dyrektor domu kultury zapraszamy pana Arkadiusza do wsp\u00f3\u0142pracy przy organizacji \u015bcinawskich obchod\u00f3w 100 rocznicy odzyskania niepodleg\u0142o\u015bci. Uwa\u017cam, \u017ce talent muzyczny naszego mieszka\u0144ca nale\u017cy pokazywa\u0107 jak najszerszej publiczno\u015bci. Bardzo si\u0119 ciesz\u0119, \u017ce w \u015acinawie mamy takich zdolnych i jeszcze nie do ko\u0144ca odkrytych artyst\u00f3w- m\u00f3wi burmistrz Krystian Koszty\u0142a. &#8211; Utwory pana Arkadiusza zrobi\u0142y na mnie bardzo, bardzo pozytywne wra\u017cenie, zach\u0119cam wszystkich do ich wys\u0142uchania, naprawd\u0119 \u015bwietna robota- dodaje szef \u015bcinawskiego samorz\u0105du.<\/p>\n","protected":false},"excerpt":{"rendered":"<p>W bie\u017c\u0105cym roku przypada 100-lecie odzyskania przez Polsk\u0119 niepodleg\u0142o\u015bci. Wydarzenia zwi\u0105zane z obchodami zapowiadaj\u0105 si\u0119 wyj\u0105tkowo, zar\u00f3wno rz\u0105d, samorz\u0105dy, r\u00f3\u017cne<\/p>\n","protected":false},"author":2,"featured_media":16093,"comment_status":"open","ping_status":"open","sticky":false,"template":"","format":"standard","meta":{"ngg_post_thumbnail":0},"categories":[2],"tags":[409,411,412,26,410,413],"_links":{"self":[{"href":"https:\/\/scinawa.pl\/index.php\/wp-json\/wp\/v2\/posts\/16092"}],"collection":[{"href":"https:\/\/scinawa.pl\/index.php\/wp-json\/wp\/v2\/posts"}],"about":[{"href":"https:\/\/scinawa.pl\/index.php\/wp-json\/wp\/v2\/types\/post"}],"author":[{"embeddable":true,"href":"https:\/\/scinawa.pl\/index.php\/wp-json\/wp\/v2\/users\/2"}],"replies":[{"embeddable":true,"href":"https:\/\/scinawa.pl\/index.php\/wp-json\/wp\/v2\/comments?post=16092"}],"version-history":[{"count":5,"href":"https:\/\/scinawa.pl\/index.php\/wp-json\/wp\/v2\/posts\/16092\/revisions"}],"predecessor-version":[{"id":16098,"href":"https:\/\/scinawa.pl\/index.php\/wp-json\/wp\/v2\/posts\/16092\/revisions\/16098"}],"wp:featuredmedia":[{"embeddable":true,"href":"https:\/\/scinawa.pl\/index.php\/wp-json\/wp\/v2\/media\/16093"}],"wp:attachment":[{"href":"https:\/\/scinawa.pl\/index.php\/wp-json\/wp\/v2\/media?parent=16092"}],"wp:term":[{"taxonomy":"category","embeddable":true,"href":"https:\/\/scinawa.pl\/index.php\/wp-json\/wp\/v2\/categories?post=16092"},{"taxonomy":"post_tag","embeddable":true,"href":"https:\/\/scinawa.pl\/index.php\/wp-json\/wp\/v2\/tags?post=16092"}],"curies":[{"name":"wp","href":"https:\/\/api.w.org\/{rel}","templated":true}]}}