{"id":15747,"date":"2017-12-03T13:18:41","date_gmt":"2017-12-03T12:18:41","guid":{"rendered":"http:\/\/nowa.scinawa.pl\/?p=15747"},"modified":"2017-12-11T12:13:46","modified_gmt":"2017-12-11T11:13:46","slug":"zaproszenie-na-konferencje","status":"publish","type":"post","link":"https:\/\/scinawa.pl\/index.php\/2017\/12\/03\/zaproszenie-na-konferencje\/","title":{"rendered":"Zaproszenie na konferencj\u0119"},"content":{"rendered":"<p align=\"justify\">Zapraszamy wszystkich zainteresowanych jako\u015bci\u0105 powietrza w naszym mie\u015bcie na konferencj\u0119 pn: &#8222;Czyste powietrze nad \u015acinaw\u0105&#8221;, kt\u00f3ra odb\u0119dzie si\u0119 w sali widowiskowej Centrum Turystyki i Kultury w \u015acinawie, we wtorek, 5 grudnia br. o godz. 17:00.<\/p>\n<p><!--more--><\/p>\n<p align=\"justify\">Na spotkaniu szczeg\u00f3\u0142owo om\u00f3wione zostan\u0105 wyniki przeprowadzonych w \u015acinawie bada\u0144 za pomoc\u0105 py\u0142omierza, kt\u00f3ry zosta\u0142 zamontowany w po\u0142owie listopada na \u0142\u0105czniku pomi\u0119dzy \u015bcinawskim ratuszem, a zabytkow\u0105 wie\u017c\u0105. Przybli\u017cona b\u0119dzie tzw. uchwa\u0142a antysmogowa, kt\u00f3r\u0105 w miniony czwartek przyj\u0105\u0142 sejmik wojew\u00f3dztwa dolno\u015bl\u0105skiego.<\/p>\n<p align=\"justify\">Podczas konferencji dowiemy si\u0119 tak\u017ce: jak pali\u0107 w piecu, czego nie pali\u0107, jak oszcz\u0119dza\u0107 energi\u0119 ciepln\u0105 i w konsekwencji emitowa\u0107 mniej szkodliwych py\u0142\u00f3w do atmosfery, co robi\u0107, aby powietrze by\u0142o mniej zanieczyszczone w sezonie grzewczym. <\/p>\n<p align=\"justify\">Ponadto b\u0119d\u0105 omawiane sprawy dotycz\u0105ce plan\u00f3w \u015bcinawskiego samorz\u0105du na przysz\u0142y rok w zakresie gazyfikacji, a stra\u017cacy przypomn\u0105 jak chroni\u0107 si\u0119 przed zab\u00f3jczym czadem.<\/p>\n<p><a href=\"http:\/\/nowa.scinawa.pl\/wp-content\/uploads\/2017\/12\/czyte_powietrze.jpg\"><img decoding=\"async\" loading=\"lazy\" src=\"http:\/\/nowa.scinawa.pl\/wp-content\/uploads\/2017\/12\/czyte_powietrze.jpg\" alt=\"\" width=\"679\" height=\"960\" class=\"aligncenter size-full wp-image-15753\" srcset=\"https:\/\/scinawa.pl\/wp-content\/uploads\/2017\/12\/czyte_powietrze.jpg 679w, https:\/\/scinawa.pl\/wp-content\/uploads\/2017\/12\/czyte_powietrze-212x300.jpg 212w\" sizes=\"(max-width: 679px) 100vw, 679px\" \/><\/a><\/p>\n","protected":false},"excerpt":{"rendered":"<p>Zapraszamy wszystkich zainteresowanych jako\u015bci\u0105 powietrza w naszym mie\u015bcie na konferencj\u0119 pn: &#8222;Czyste powietrze nad \u015acinaw\u0105&#8221;, kt\u00f3ra odb\u0119dzie si\u0119 w sali<\/p>\n","protected":false},"author":2,"featured_media":15752,"comment_status":"open","ping_status":"open","sticky":false,"template":"","format":"standard","meta":{"ngg_post_thumbnail":0},"categories":[41,2],"tags":[293,288,291,290,250,26,292,294,289],"_links":{"self":[{"href":"https:\/\/scinawa.pl\/index.php\/wp-json\/wp\/v2\/posts\/15747"}],"collection":[{"href":"https:\/\/scinawa.pl\/index.php\/wp-json\/wp\/v2\/posts"}],"about":[{"href":"https:\/\/scinawa.pl\/index.php\/wp-json\/wp\/v2\/types\/post"}],"author":[{"embeddable":true,"href":"https:\/\/scinawa.pl\/index.php\/wp-json\/wp\/v2\/users\/2"}],"replies":[{"embeddable":true,"href":"https:\/\/scinawa.pl\/index.php\/wp-json\/wp\/v2\/comments?post=15747"}],"version-history":[{"count":4,"href":"https:\/\/scinawa.pl\/index.php\/wp-json\/wp\/v2\/posts\/15747\/revisions"}],"predecessor-version":[{"id":15754,"href":"https:\/\/scinawa.pl\/index.php\/wp-json\/wp\/v2\/posts\/15747\/revisions\/15754"}],"wp:featuredmedia":[{"embeddable":true,"href":"https:\/\/scinawa.pl\/index.php\/wp-json\/wp\/v2\/media\/15752"}],"wp:attachment":[{"href":"https:\/\/scinawa.pl\/index.php\/wp-json\/wp\/v2\/media?parent=15747"}],"wp:term":[{"taxonomy":"category","embeddable":true,"href":"https:\/\/scinawa.pl\/index.php\/wp-json\/wp\/v2\/categories?post=15747"},{"taxonomy":"post_tag","embeddable":true,"href":"https:\/\/scinawa.pl\/index.php\/wp-json\/wp\/v2\/tags?post=15747"}],"curies":[{"name":"wp","href":"https:\/\/api.w.org\/{rel}","templated":true}]}}