{"id":14895,"date":"2017-10-23T19:40:01","date_gmt":"2017-10-23T17:40:01","guid":{"rendered":"http:\/\/nowa.scinawa.pl\/?p=14895"},"modified":"2017-10-30T14:56:14","modified_gmt":"2017-10-30T13:56:14","slug":"wspominali-ks-jerzego-popieluszke","status":"publish","type":"post","link":"https:\/\/scinawa.pl\/index.php\/2017\/10\/23\/wspominali-ks-jerzego-popieluszke\/","title":{"rendered":"Wspominali ks. Jerzego Popie\u0142uszk\u0119"},"content":{"rendered":"<p align=\"justify\">Ko\u015bci\u00f3\u0142 pw. \u015awi\u0119tej Rodziny w Parszowicach to miejsce, w kt\u00f3rym gromadz\u0105 si\u0119 wierni, by uczestniczy\u0107 we mszy \u015bwi\u0119tej odprawianej w rocznic\u0119 m\u0119cze\u0144skiej \u015bmierci b\u0142ogos\u0142awionego ks. Jerzego Popie\u0142uszki, kt\u00f3rego zamordowano 19 pa\u017adziernika 1984 roku.<\/p>\n<p><!--more--><\/p>\n<p align=\"justify\">Z roku na rok do Parszowic przybywa coraz wi\u0119cej wiernych prosz\u0105cych o \u0142aski b\u0142ogos\u0142awionego ks. Jerzego Popie\u0142uszk\u0119, kt\u00f3ry w\u0142a\u015bnie tam odprawia\u0142 jedn\u0105 ze swoich mszy prymicyjnych.<\/p>\n<p align=\"justify\">W minion\u0105 niedziel\u0119 na uroczysto\u015b\u0107 do ko\u015bcio\u0142a w Parszowicach przyjechali m.in.: pose\u0142 na sejm Krzysztof Kub\u00f3w, przedstawiciele w\u0142adz samorz\u0105dowych: przewodnicz\u0105ca Rady Powiatu w Lubinie Jadwiga Musia\u0142, burmistrz \u015acinawy Krystian Koszty\u0142a, miejscowi radni oraz cz\u0142onkowie lokalnych stowarzysze\u0144 i solidarno\u015bciowych zwi\u0105zk\u00f3w zawodowych, kt\u00f3rych jednym z patron\u00f3w jest w\u0142a\u015bnie ks. Popie\u0142uszko.<\/p>\n<p align=\"justify\">Msz\u0119 poprowadzi\u0142 biskup \u015bwidnicki Ignacy Dec, nie zabrak\u0142o r\u00f3wnie\u017c by\u0142ego proboszcza tamtejszej parafii, duchownych z gminy \u015acinawa oraz s\u0105siednich miejscowo\u015bci. Ca\u0142o\u015b\u0107 eucharystii u\u015bwietni\u0142 udzia\u0142 g\u00f3ralskiej kapeli &#8222;Janicki&#8221;.<\/p>\n<p align=\"justify\">Podczas kazania biskup nawi\u0105za\u0142 do \u017cyciorysu ks. Jerzego. &#8211; Jeste\u015bmy tutaj, w Parszowicach, bo on tutaj by\u0142 i przychodzimy tu, aby dzi\u0119kowa\u0107 Bogu za jego \u015bwiadectwo wiary, za jego wiar\u0119 i z tej\u017ce wiary wyp\u0142ywaj\u0105c\u0105 mi\u0142o\u015b\u0107 do bli\u017aniego- podkre\u015bla\u0142 kap\u0142an.<\/p>\n<p align=\"justify\">Po zako\u0144czeniu mszy \u015bwi\u0119tej przed publiczno\u015bci\u0105 zgromadzon\u0105 w ko\u015bciele, w kr\u00f3tkim, ale bardzo emocjonuj\u0105cym koncercie wykonanym prawdziw\u0105 gwar\u0105 g\u00f3ralsk\u0105, zaprezentowa\u0142a si\u0119 kapela &#8222;Janicki&#8221; z Czarnego Boru.<\/p>\n<p align=\"justify\">Po wyst\u0119pie wierni mieli mo\u017cliwo\u015b\u0107 uca\u0142owania relikwii ks. Jerzego. Mo\u017cna by\u0142o tak\u017ce obejrze\u0107 wystaw\u0119 prac plastycznych po\u015bwi\u0119con\u0105 b\u0142ogos\u0142awionemu, a tak\u017ce pocz\u0119stowa\u0107 si\u0119 ciep\u0142ymi posi\u0142kami przygotowanymi przez mieszka\u0144c\u00f3w wsi.<\/p>\n<p align=\"justify\">Uroczysto\u015b\u0107 przyci\u0105gn\u0119\u0142a tak\u017ce pielgrzym\u00f3w, z kt\u00f3rych cz\u0119\u015b\u0107 przyby\u0142a z Lubina i cz\u0119\u015b\u0107 ze \u015acinawy. Do Parszowic pod\u0105\u017cali na pieszo, biegiem, a inni na rowerach. Ju\u017c po raz pi\u0105ty duchow\u0105 w\u0119dr\u00f3wk\u0119 ze stolicy polskiej miedzi zorganizowa\u0142o Stowarzyszenie Turystyki Pieszej &#8222;W\u0119drowiec&#8221; w Lubinie. Ze \u015acinawy po raz kolejny pobiegli cz\u0142onkowie Klubu Sportowego START, a po raz pierwszy na pieszo do Parszowic pielgrzymowali mieszka\u0144cy \u015acinawy.<\/p>\n<p align=\"justify\">O wydarzeniu informowa\u0142y tak\u017ce inne media:<\/p>\n<ul>\n<li><a href=\"http:\/\/www.lubin.pl\/pamietali-o-ksiedzu-popieluszce\/\" target=\"_blank\" rel=\"noopener\">Pami\u0119tali o ksi\u0119dzu Popie\u0142uszce<\/a> &#8211; Lubin.pl<\/li>\n<li><a href=\"http:\/\/legnica.gosc.pl\/gal\/pokaz\/4266270.Zaglebie-Miedziowe-u-swojego-kapelana\/74#gt\" target=\"_blank\" rel=\"noopener\">Zag\u0142\u0119bie Miedziowe u swojego kapelana<\/a> &#8211; legnica.gosc.pl<\/li>\n<li><a href=\"http:\/\/www.solidarnosc.org.pl\/legnica\/nowa\/?p=27373\" target=\"_blank\" rel=\"noopener\">Solidarno\u015b\u0107 u swojego kapelana w Parszowicach<\/a> &#8211; solidarnosc.org.pl<\/li>\n<li><a href=\"http:\/\/regionfan.pl\/pamietali-o-ksiedzu-popieluszce\/\" target=\"_blank\" rel=\"noopener\">Pami\u0119tali o ks. Popie\u0142uszce<\/a> &#8211; regionfan.pl<\/li>\n<\/ul>\n<p><DIV align=\"center\"><iframe loading=\"lazy\" width=\"560\" height=\"315\" src=\"https:\/\/www.youtube.com\/embed\/3WdilVIb3Hc\" frameborder=\"0\" allowfullscreen><\/iframe><\/DIV><br \/>\n<!-- default-view.php -->\n<div\n\tclass=\"ngg-galleryoverview default-view  ngg-ajax-pagination-none\"\n\tid=\"ngg-gallery-dc394e52f3bd41308d815fb8a1bc5253-1\">\n\n\t\t<!-- Thumbnails -->\n\t\t\t\t<div id=\"ngg-image-0\" class=\"ngg-gallery-thumbnail-box \" >\n\t\t\t\t        <div class=\"ngg-gallery-thumbnail\">\n            <a href=\"https:\/\/scinawa.pl\/wp-content\/gallery\/2017-10-23-wspominali-ks-jerzego-popieluszke\/DSC_0001.jpg\"\n               title=\"\"\n               data-src=\"https:\/\/scinawa.pl\/wp-content\/gallery\/2017-10-23-wspominali-ks-jerzego-popieluszke\/DSC_0001.jpg\"\n               data-thumbnail=\"https:\/\/scinawa.pl\/wp-content\/gallery\/2017-10-23-wspominali-ks-jerzego-popieluszke\/thumbs\/thumbs_DSC_0001.jpg\"\n               data-image-id=\"6730\"\n               data-title=\"DSC_0001\"\n               data-description=\"\"\n               data-image-slug=\"dsc_0001-35\"\n               class=\"ngg-fancybox\" rel=\"dc394e52f3bd41308d815fb8a1bc5253\">\n                <img\n                    title=\"DSC_0001\"\n                    alt=\"DSC_0001\"\n                    src=\"https:\/\/scinawa.pl\/wp-content\/gallery\/2017-10-23-wspominali-ks-jerzego-popieluszke\/thumbs\/thumbs_DSC_0001.jpg\"\n                    width=\"200\"\n                    height=\"140\"\n                    style=\"max-width:100%;\"\n                \/>\n            <\/a>\n        <\/div>\n\t\t\t\t\t\t\t<\/div> \n\t\t\t\n\t\t\t\t<div id=\"ngg-image-1\" class=\"ngg-gallery-thumbnail-box \" >\n\t\t\t\t        <div class=\"ngg-gallery-thumbnail\">\n            <a href=\"https:\/\/scinawa.pl\/wp-content\/gallery\/2017-10-23-wspominali-ks-jerzego-popieluszke\/DSC_0002.jpg\"\n               title=\"\"\n               data-src=\"https:\/\/scinawa.pl\/wp-content\/gallery\/2017-10-23-wspominali-ks-jerzego-popieluszke\/DSC_0002.jpg\"\n               data-thumbnail=\"https:\/\/scinawa.pl\/wp-content\/gallery\/2017-10-23-wspominali-ks-jerzego-popieluszke\/thumbs\/thumbs_DSC_0002.jpg\"\n               data-image-id=\"6731\"\n               data-title=\"DSC_0002\"\n               data-description=\"\"\n               data-image-slug=\"dsc_0002-36\"\n               class=\"ngg-fancybox\" rel=\"dc394e52f3bd41308d815fb8a1bc5253\">\n                <img\n                    title=\"DSC_0002\"\n                    alt=\"DSC_0002\"\n                    src=\"https:\/\/scinawa.pl\/wp-content\/gallery\/2017-10-23-wspominali-ks-jerzego-popieluszke\/thumbs\/thumbs_DSC_0002.jpg\"\n                    width=\"200\"\n                    height=\"140\"\n                    style=\"max-width:100%;\"\n                \/>\n            <\/a>\n        <\/div>\n\t\t\t\t\t\t\t<\/div> \n\t\t\t\n\t\t\t\t<div id=\"ngg-image-2\" class=\"ngg-gallery-thumbnail-box \" >\n\t\t\t\t        <div class=\"ngg-gallery-thumbnail\">\n            <a href=\"https:\/\/scinawa.pl\/wp-content\/gallery\/2017-10-23-wspominali-ks-jerzego-popieluszke\/DSC_0003.jpg\"\n               title=\"\"\n               data-src=\"https:\/\/scinawa.pl\/wp-content\/gallery\/2017-10-23-wspominali-ks-jerzego-popieluszke\/DSC_0003.jpg\"\n               data-thumbnail=\"https:\/\/scinawa.pl\/wp-content\/gallery\/2017-10-23-wspominali-ks-jerzego-popieluszke\/thumbs\/thumbs_DSC_0003.jpg\"\n               data-image-id=\"6732\"\n               data-title=\"DSC_0003\"\n               data-description=\"\"\n               data-image-slug=\"dsc_0003-35\"\n               class=\"ngg-fancybox\" rel=\"dc394e52f3bd41308d815fb8a1bc5253\">\n                <img\n                    title=\"DSC_0003\"\n                    alt=\"DSC_0003\"\n                    src=\"https:\/\/scinawa.pl\/wp-content\/gallery\/2017-10-23-wspominali-ks-jerzego-popieluszke\/thumbs\/thumbs_DSC_0003.jpg\"\n                    width=\"200\"\n                    height=\"140\"\n                    style=\"max-width:100%;\"\n                \/>\n            <\/a>\n        <\/div>\n\t\t\t\t\t\t\t<\/div> \n\t\t\t\n\t\t\t\t<div id=\"ngg-image-3\" class=\"ngg-gallery-thumbnail-box \" >\n\t\t\t\t        <div class=\"ngg-gallery-thumbnail\">\n            <a href=\"https:\/\/scinawa.pl\/wp-content\/gallery\/2017-10-23-wspominali-ks-jerzego-popieluszke\/DSC_0004.jpg\"\n               title=\"\"\n               data-src=\"https:\/\/scinawa.pl\/wp-content\/gallery\/2017-10-23-wspominali-ks-jerzego-popieluszke\/DSC_0004.jpg\"\n               data-thumbnail=\"https:\/\/scinawa.pl\/wp-content\/gallery\/2017-10-23-wspominali-ks-jerzego-popieluszke\/thumbs\/thumbs_DSC_0004.jpg\"\n               data-image-id=\"6733\"\n               data-title=\"DSC_0004\"\n               data-description=\"\"\n               data-image-slug=\"dsc_0004-36\"\n               class=\"ngg-fancybox\" rel=\"dc394e52f3bd41308d815fb8a1bc5253\">\n                <img\n                    title=\"DSC_0004\"\n                    alt=\"DSC_0004\"\n                    src=\"https:\/\/scinawa.pl\/wp-content\/gallery\/2017-10-23-wspominali-ks-jerzego-popieluszke\/thumbs\/thumbs_DSC_0004.jpg\"\n                    width=\"200\"\n                    height=\"140\"\n                    style=\"max-width:100%;\"\n                \/>\n            <\/a>\n        <\/div>\n\t\t\t\t\t\t\t<\/div> \n\t\t\t\n\t\t\t\t<div id=\"ngg-image-4\" class=\"ngg-gallery-thumbnail-box \" >\n\t\t\t\t        <div class=\"ngg-gallery-thumbnail\">\n            <a href=\"https:\/\/scinawa.pl\/wp-content\/gallery\/2017-10-23-wspominali-ks-jerzego-popieluszke\/DSC_0005.jpg\"\n               title=\"\"\n               data-src=\"https:\/\/scinawa.pl\/wp-content\/gallery\/2017-10-23-wspominali-ks-jerzego-popieluszke\/DSC_0005.jpg\"\n               data-thumbnail=\"https:\/\/scinawa.pl\/wp-content\/gallery\/2017-10-23-wspominali-ks-jerzego-popieluszke\/thumbs\/thumbs_DSC_0005.jpg\"\n               data-image-id=\"6734\"\n               data-title=\"DSC_0005\"\n               data-description=\"\"\n               data-image-slug=\"dsc_0005-33\"\n               class=\"ngg-fancybox\" rel=\"dc394e52f3bd41308d815fb8a1bc5253\">\n                <img\n                    title=\"DSC_0005\"\n                    alt=\"DSC_0005\"\n                    src=\"https:\/\/scinawa.pl\/wp-content\/gallery\/2017-10-23-wspominali-ks-jerzego-popieluszke\/thumbs\/thumbs_DSC_0005.jpg\"\n                    width=\"200\"\n                    height=\"140\"\n                    style=\"max-width:100%;\"\n                \/>\n            <\/a>\n        <\/div>\n\t\t\t\t\t\t\t<\/div> \n\t\t\t\n\t\t\t\t<div id=\"ngg-image-5\" class=\"ngg-gallery-thumbnail-box \" >\n\t\t\t\t        <div class=\"ngg-gallery-thumbnail\">\n            <a href=\"https:\/\/scinawa.pl\/wp-content\/gallery\/2017-10-23-wspominali-ks-jerzego-popieluszke\/DSC_0006.jpg\"\n               title=\"\"\n               data-src=\"https:\/\/scinawa.pl\/wp-content\/gallery\/2017-10-23-wspominali-ks-jerzego-popieluszke\/DSC_0006.jpg\"\n               data-thumbnail=\"https:\/\/scinawa.pl\/wp-content\/gallery\/2017-10-23-wspominali-ks-jerzego-popieluszke\/thumbs\/thumbs_DSC_0006.jpg\"\n               data-image-id=\"6735\"\n               data-title=\"DSC_0006\"\n               data-description=\"\"\n               data-image-slug=\"dsc_0006-34\"\n               class=\"ngg-fancybox\" rel=\"dc394e52f3bd41308d815fb8a1bc5253\">\n                <img\n                    title=\"DSC_0006\"\n                    alt=\"DSC_0006\"\n                    src=\"https:\/\/scinawa.pl\/wp-content\/gallery\/2017-10-23-wspominali-ks-jerzego-popieluszke\/thumbs\/thumbs_DSC_0006.jpg\"\n                    width=\"200\"\n                    height=\"140\"\n                    style=\"max-width:100%;\"\n                \/>\n            <\/a>\n        <\/div>\n\t\t\t\t\t\t\t<\/div> \n\t\t\t\n\t\t\t\t<div id=\"ngg-image-6\" class=\"ngg-gallery-thumbnail-box \" >\n\t\t\t\t        <div class=\"ngg-gallery-thumbnail\">\n            <a href=\"https:\/\/scinawa.pl\/wp-content\/gallery\/2017-10-23-wspominali-ks-jerzego-popieluszke\/DSC_0007.jpg\"\n               title=\"\"\n               data-src=\"https:\/\/scinawa.pl\/wp-content\/gallery\/2017-10-23-wspominali-ks-jerzego-popieluszke\/DSC_0007.jpg\"\n               data-thumbnail=\"https:\/\/scinawa.pl\/wp-content\/gallery\/2017-10-23-wspominali-ks-jerzego-popieluszke\/thumbs\/thumbs_DSC_0007.jpg\"\n               data-image-id=\"6736\"\n               data-title=\"DSC_0007\"\n               data-description=\"\"\n               data-image-slug=\"dsc_0007-32\"\n               class=\"ngg-fancybox\" rel=\"dc394e52f3bd41308d815fb8a1bc5253\">\n                <img\n                    title=\"DSC_0007\"\n                    alt=\"DSC_0007\"\n                    src=\"https:\/\/scinawa.pl\/wp-content\/gallery\/2017-10-23-wspominali-ks-jerzego-popieluszke\/thumbs\/thumbs_DSC_0007.jpg\"\n                    width=\"200\"\n                    height=\"140\"\n                    style=\"max-width:100%;\"\n                \/>\n            <\/a>\n        <\/div>\n\t\t\t\t\t\t\t<\/div> \n\t\t\t\n\t\t\t\t<div id=\"ngg-image-7\" class=\"ngg-gallery-thumbnail-box \" >\n\t\t\t\t        <div class=\"ngg-gallery-thumbnail\">\n            <a href=\"https:\/\/scinawa.pl\/wp-content\/gallery\/2017-10-23-wspominali-ks-jerzego-popieluszke\/DSC_0008.jpg\"\n               title=\"\"\n               data-src=\"https:\/\/scinawa.pl\/wp-content\/gallery\/2017-10-23-wspominali-ks-jerzego-popieluszke\/DSC_0008.jpg\"\n               data-thumbnail=\"https:\/\/scinawa.pl\/wp-content\/gallery\/2017-10-23-wspominali-ks-jerzego-popieluszke\/thumbs\/thumbs_DSC_0008.jpg\"\n               data-image-id=\"6737\"\n               data-title=\"DSC_0008\"\n               data-description=\"\"\n               data-image-slug=\"dsc_0008-34\"\n               class=\"ngg-fancybox\" rel=\"dc394e52f3bd41308d815fb8a1bc5253\">\n                <img\n                    title=\"DSC_0008\"\n                    alt=\"DSC_0008\"\n                    src=\"https:\/\/scinawa.pl\/wp-content\/gallery\/2017-10-23-wspominali-ks-jerzego-popieluszke\/thumbs\/thumbs_DSC_0008.jpg\"\n                    width=\"200\"\n                    height=\"140\"\n                    style=\"max-width:100%;\"\n                \/>\n            <\/a>\n        <\/div>\n\t\t\t\t\t\t\t<\/div> \n\t\t\t\n\t\t\t\t<div id=\"ngg-image-8\" class=\"ngg-gallery-thumbnail-box \" >\n\t\t\t\t        <div class=\"ngg-gallery-thumbnail\">\n            <a href=\"https:\/\/scinawa.pl\/wp-content\/gallery\/2017-10-23-wspominali-ks-jerzego-popieluszke\/DSC_0009.jpg\"\n               title=\"\"\n               data-src=\"https:\/\/scinawa.pl\/wp-content\/gallery\/2017-10-23-wspominali-ks-jerzego-popieluszke\/DSC_0009.jpg\"\n               data-thumbnail=\"https:\/\/scinawa.pl\/wp-content\/gallery\/2017-10-23-wspominali-ks-jerzego-popieluszke\/thumbs\/thumbs_DSC_0009.jpg\"\n               data-image-id=\"6738\"\n               data-title=\"DSC_0009\"\n               data-description=\"\"\n               data-image-slug=\"dsc_0009-32\"\n               class=\"ngg-fancybox\" rel=\"dc394e52f3bd41308d815fb8a1bc5253\">\n                <img\n                    title=\"DSC_0009\"\n                    alt=\"DSC_0009\"\n                    src=\"https:\/\/scinawa.pl\/wp-content\/gallery\/2017-10-23-wspominali-ks-jerzego-popieluszke\/thumbs\/thumbs_DSC_0009.jpg\"\n                    width=\"200\"\n                    height=\"140\"\n                    style=\"max-width:100%;\"\n                \/>\n            <\/a>\n        <\/div>\n\t\t\t\t\t\t\t<\/div> \n\t\t\t\n\t\t\t\t<div id=\"ngg-image-9\" class=\"ngg-gallery-thumbnail-box \" >\n\t\t\t\t        <div class=\"ngg-gallery-thumbnail\">\n            <a href=\"https:\/\/scinawa.pl\/wp-content\/gallery\/2017-10-23-wspominali-ks-jerzego-popieluszke\/DSC_0010.jpg\"\n               title=\"\"\n               data-src=\"https:\/\/scinawa.pl\/wp-content\/gallery\/2017-10-23-wspominali-ks-jerzego-popieluszke\/DSC_0010.jpg\"\n               data-thumbnail=\"https:\/\/scinawa.pl\/wp-content\/gallery\/2017-10-23-wspominali-ks-jerzego-popieluszke\/thumbs\/thumbs_DSC_0010.jpg\"\n               data-image-id=\"6739\"\n               data-title=\"DSC_0010\"\n               data-description=\"\"\n               data-image-slug=\"dsc_0010-31\"\n               class=\"ngg-fancybox\" rel=\"dc394e52f3bd41308d815fb8a1bc5253\">\n                <img\n                    title=\"DSC_0010\"\n                    alt=\"DSC_0010\"\n                    src=\"https:\/\/scinawa.pl\/wp-content\/gallery\/2017-10-23-wspominali-ks-jerzego-popieluszke\/thumbs\/thumbs_DSC_0010.jpg\"\n                    width=\"200\"\n                    height=\"140\"\n                    style=\"max-width:100%;\"\n                \/>\n            <\/a>\n        <\/div>\n\t\t\t\t\t\t\t<\/div> \n\t\t\t\n\t\t\t\t<div id=\"ngg-image-10\" class=\"ngg-gallery-thumbnail-box \" >\n\t\t\t\t        <div class=\"ngg-gallery-thumbnail\">\n            <a href=\"https:\/\/scinawa.pl\/wp-content\/gallery\/2017-10-23-wspominali-ks-jerzego-popieluszke\/DSC_0011.jpg\"\n               title=\"\"\n               data-src=\"https:\/\/scinawa.pl\/wp-content\/gallery\/2017-10-23-wspominali-ks-jerzego-popieluszke\/DSC_0011.jpg\"\n               data-thumbnail=\"https:\/\/scinawa.pl\/wp-content\/gallery\/2017-10-23-wspominali-ks-jerzego-popieluszke\/thumbs\/thumbs_DSC_0011.jpg\"\n               data-image-id=\"6740\"\n               data-title=\"DSC_0011\"\n               data-description=\"\"\n               data-image-slug=\"dsc_0011-30\"\n               class=\"ngg-fancybox\" rel=\"dc394e52f3bd41308d815fb8a1bc5253\">\n                <img\n                    title=\"DSC_0011\"\n                    alt=\"DSC_0011\"\n                    src=\"https:\/\/scinawa.pl\/wp-content\/gallery\/2017-10-23-wspominali-ks-jerzego-popieluszke\/thumbs\/thumbs_DSC_0011.jpg\"\n                    width=\"200\"\n                    height=\"140\"\n                    style=\"max-width:100%;\"\n                \/>\n            <\/a>\n        <\/div>\n\t\t\t\t\t\t\t<\/div> \n\t\t\t\n\t\t\t\t<div id=\"ngg-image-11\" class=\"ngg-gallery-thumbnail-box \" >\n\t\t\t\t        <div class=\"ngg-gallery-thumbnail\">\n            <a href=\"https:\/\/scinawa.pl\/wp-content\/gallery\/2017-10-23-wspominali-ks-jerzego-popieluszke\/DSC_0012.jpg\"\n               title=\"\"\n               data-src=\"https:\/\/scinawa.pl\/wp-content\/gallery\/2017-10-23-wspominali-ks-jerzego-popieluszke\/DSC_0012.jpg\"\n               data-thumbnail=\"https:\/\/scinawa.pl\/wp-content\/gallery\/2017-10-23-wspominali-ks-jerzego-popieluszke\/thumbs\/thumbs_DSC_0012.jpg\"\n               data-image-id=\"6741\"\n               data-title=\"DSC_0012\"\n               data-description=\"\"\n               data-image-slug=\"dsc_0012-29\"\n               class=\"ngg-fancybox\" rel=\"dc394e52f3bd41308d815fb8a1bc5253\">\n                <img\n                    title=\"DSC_0012\"\n                    alt=\"DSC_0012\"\n                    src=\"https:\/\/scinawa.pl\/wp-content\/gallery\/2017-10-23-wspominali-ks-jerzego-popieluszke\/thumbs\/thumbs_DSC_0012.jpg\"\n                    width=\"200\"\n                    height=\"140\"\n                    style=\"max-width:100%;\"\n                \/>\n            <\/a>\n        <\/div>\n\t\t\t\t\t\t\t<\/div> \n\t\t\t\n\t\t\t\t<div id=\"ngg-image-12\" class=\"ngg-gallery-thumbnail-box \" >\n\t\t\t\t        <div class=\"ngg-gallery-thumbnail\">\n            <a href=\"https:\/\/scinawa.pl\/wp-content\/gallery\/2017-10-23-wspominali-ks-jerzego-popieluszke\/DSC_0013.jpg\"\n               title=\"\"\n               data-src=\"https:\/\/scinawa.pl\/wp-content\/gallery\/2017-10-23-wspominali-ks-jerzego-popieluszke\/DSC_0013.jpg\"\n               data-thumbnail=\"https:\/\/scinawa.pl\/wp-content\/gallery\/2017-10-23-wspominali-ks-jerzego-popieluszke\/thumbs\/thumbs_DSC_0013.jpg\"\n               data-image-id=\"6742\"\n               data-title=\"DSC_0013\"\n               data-description=\"\"\n               data-image-slug=\"dsc_0013-28\"\n               class=\"ngg-fancybox\" rel=\"dc394e52f3bd41308d815fb8a1bc5253\">\n                <img\n                    title=\"DSC_0013\"\n                    alt=\"DSC_0013\"\n                    src=\"https:\/\/scinawa.pl\/wp-content\/gallery\/2017-10-23-wspominali-ks-jerzego-popieluszke\/thumbs\/thumbs_DSC_0013.jpg\"\n                    width=\"200\"\n                    height=\"140\"\n                    style=\"max-width:100%;\"\n                \/>\n            <\/a>\n        <\/div>\n\t\t\t\t\t\t\t<\/div> \n\t\t\t\n\t\t\t\t<div id=\"ngg-image-13\" class=\"ngg-gallery-thumbnail-box \" >\n\t\t\t\t        <div class=\"ngg-gallery-thumbnail\">\n            <a href=\"https:\/\/scinawa.pl\/wp-content\/gallery\/2017-10-23-wspominali-ks-jerzego-popieluszke\/DSC_0014.jpg\"\n               title=\"\"\n               data-src=\"https:\/\/scinawa.pl\/wp-content\/gallery\/2017-10-23-wspominali-ks-jerzego-popieluszke\/DSC_0014.jpg\"\n               data-thumbnail=\"https:\/\/scinawa.pl\/wp-content\/gallery\/2017-10-23-wspominali-ks-jerzego-popieluszke\/thumbs\/thumbs_DSC_0014.jpg\"\n               data-image-id=\"6743\"\n               data-title=\"DSC_0014\"\n               data-description=\"\"\n               data-image-slug=\"dsc_0014-28\"\n               class=\"ngg-fancybox\" rel=\"dc394e52f3bd41308d815fb8a1bc5253\">\n                <img\n                    title=\"DSC_0014\"\n                    alt=\"DSC_0014\"\n                    src=\"https:\/\/scinawa.pl\/wp-content\/gallery\/2017-10-23-wspominali-ks-jerzego-popieluszke\/thumbs\/thumbs_DSC_0014.jpg\"\n                    width=\"200\"\n                    height=\"140\"\n                    style=\"max-width:100%;\"\n                \/>\n            <\/a>\n        <\/div>\n\t\t\t\t\t\t\t<\/div> \n\t\t\t\n\t\t\t\t<div id=\"ngg-image-14\" class=\"ngg-gallery-thumbnail-box \" >\n\t\t\t\t        <div class=\"ngg-gallery-thumbnail\">\n            <a href=\"https:\/\/scinawa.pl\/wp-content\/gallery\/2017-10-23-wspominali-ks-jerzego-popieluszke\/DSC_0015.jpg\"\n               title=\"\"\n               data-src=\"https:\/\/scinawa.pl\/wp-content\/gallery\/2017-10-23-wspominali-ks-jerzego-popieluszke\/DSC_0015.jpg\"\n               data-thumbnail=\"https:\/\/scinawa.pl\/wp-content\/gallery\/2017-10-23-wspominali-ks-jerzego-popieluszke\/thumbs\/thumbs_DSC_0015.jpg\"\n               data-image-id=\"6744\"\n               data-title=\"DSC_0015\"\n               data-description=\"\"\n               data-image-slug=\"dsc_0015-29\"\n               class=\"ngg-fancybox\" rel=\"dc394e52f3bd41308d815fb8a1bc5253\">\n                <img\n                    title=\"DSC_0015\"\n                    alt=\"DSC_0015\"\n                    src=\"https:\/\/scinawa.pl\/wp-content\/gallery\/2017-10-23-wspominali-ks-jerzego-popieluszke\/thumbs\/thumbs_DSC_0015.jpg\"\n                    width=\"200\"\n                    height=\"140\"\n                    style=\"max-width:100%;\"\n                \/>\n            <\/a>\n        <\/div>\n\t\t\t\t\t\t\t<\/div> \n\t\t\t\n\t\t\t\t<div id=\"ngg-image-15\" class=\"ngg-gallery-thumbnail-box \" >\n\t\t\t\t        <div class=\"ngg-gallery-thumbnail\">\n            <a href=\"https:\/\/scinawa.pl\/wp-content\/gallery\/2017-10-23-wspominali-ks-jerzego-popieluszke\/DSC_0016.jpg\"\n               title=\"\"\n               data-src=\"https:\/\/scinawa.pl\/wp-content\/gallery\/2017-10-23-wspominali-ks-jerzego-popieluszke\/DSC_0016.jpg\"\n               data-thumbnail=\"https:\/\/scinawa.pl\/wp-content\/gallery\/2017-10-23-wspominali-ks-jerzego-popieluszke\/thumbs\/thumbs_DSC_0016.jpg\"\n               data-image-id=\"6745\"\n               data-title=\"DSC_0016\"\n               data-description=\"\"\n               data-image-slug=\"dsc_0016-29\"\n               class=\"ngg-fancybox\" rel=\"dc394e52f3bd41308d815fb8a1bc5253\">\n                <img\n                    title=\"DSC_0016\"\n                    alt=\"DSC_0016\"\n                    src=\"https:\/\/scinawa.pl\/wp-content\/gallery\/2017-10-23-wspominali-ks-jerzego-popieluszke\/thumbs\/thumbs_DSC_0016.jpg\"\n                    width=\"200\"\n                    height=\"140\"\n                    style=\"max-width:100%;\"\n                \/>\n            <\/a>\n        <\/div>\n\t\t\t\t\t\t\t<\/div> \n\t\t\t\n\t\t\t\t<div id=\"ngg-image-16\" class=\"ngg-gallery-thumbnail-box \" >\n\t\t\t\t        <div class=\"ngg-gallery-thumbnail\">\n            <a href=\"https:\/\/scinawa.pl\/wp-content\/gallery\/2017-10-23-wspominali-ks-jerzego-popieluszke\/DSC_0017.jpg\"\n               title=\"\"\n               data-src=\"https:\/\/scinawa.pl\/wp-content\/gallery\/2017-10-23-wspominali-ks-jerzego-popieluszke\/DSC_0017.jpg\"\n               data-thumbnail=\"https:\/\/scinawa.pl\/wp-content\/gallery\/2017-10-23-wspominali-ks-jerzego-popieluszke\/thumbs\/thumbs_DSC_0017.jpg\"\n               data-image-id=\"6746\"\n               data-title=\"DSC_0017\"\n               data-description=\"\"\n               data-image-slug=\"dsc_0017-27\"\n               class=\"ngg-fancybox\" rel=\"dc394e52f3bd41308d815fb8a1bc5253\">\n                <img\n                    title=\"DSC_0017\"\n                    alt=\"DSC_0017\"\n                    src=\"https:\/\/scinawa.pl\/wp-content\/gallery\/2017-10-23-wspominali-ks-jerzego-popieluszke\/thumbs\/thumbs_DSC_0017.jpg\"\n                    width=\"200\"\n                    height=\"140\"\n                    style=\"max-width:100%;\"\n                \/>\n            <\/a>\n        <\/div>\n\t\t\t\t\t\t\t<\/div> \n\t\t\t\n\t\t\t\t<div id=\"ngg-image-17\" class=\"ngg-gallery-thumbnail-box \" >\n\t\t\t\t        <div class=\"ngg-gallery-thumbnail\">\n            <a href=\"https:\/\/scinawa.pl\/wp-content\/gallery\/2017-10-23-wspominali-ks-jerzego-popieluszke\/DSC_0018.jpg\"\n               title=\"\"\n               data-src=\"https:\/\/scinawa.pl\/wp-content\/gallery\/2017-10-23-wspominali-ks-jerzego-popieluszke\/DSC_0018.jpg\"\n               data-thumbnail=\"https:\/\/scinawa.pl\/wp-content\/gallery\/2017-10-23-wspominali-ks-jerzego-popieluszke\/thumbs\/thumbs_DSC_0018.jpg\"\n               data-image-id=\"6747\"\n               data-title=\"DSC_0018\"\n               data-description=\"\"\n               data-image-slug=\"dsc_0018-31\"\n               class=\"ngg-fancybox\" rel=\"dc394e52f3bd41308d815fb8a1bc5253\">\n                <img\n                    title=\"DSC_0018\"\n                    alt=\"DSC_0018\"\n                    src=\"https:\/\/scinawa.pl\/wp-content\/gallery\/2017-10-23-wspominali-ks-jerzego-popieluszke\/thumbs\/thumbs_DSC_0018.jpg\"\n                    width=\"200\"\n                    height=\"140\"\n                    style=\"max-width:100%;\"\n                \/>\n            <\/a>\n        <\/div>\n\t\t\t\t\t\t\t<\/div> \n\t\t\t\n\t\t\t\t<div id=\"ngg-image-18\" class=\"ngg-gallery-thumbnail-box \" >\n\t\t\t\t        <div class=\"ngg-gallery-thumbnail\">\n            <a href=\"https:\/\/scinawa.pl\/wp-content\/gallery\/2017-10-23-wspominali-ks-jerzego-popieluszke\/DSC_0019.jpg\"\n               title=\"\"\n               data-src=\"https:\/\/scinawa.pl\/wp-content\/gallery\/2017-10-23-wspominali-ks-jerzego-popieluszke\/DSC_0019.jpg\"\n               data-thumbnail=\"https:\/\/scinawa.pl\/wp-content\/gallery\/2017-10-23-wspominali-ks-jerzego-popieluszke\/thumbs\/thumbs_DSC_0019.jpg\"\n               data-image-id=\"6748\"\n               data-title=\"DSC_0019\"\n               data-description=\"\"\n               data-image-slug=\"dsc_0019-27\"\n               class=\"ngg-fancybox\" rel=\"dc394e52f3bd41308d815fb8a1bc5253\">\n                <img\n                    title=\"DSC_0019\"\n                    alt=\"DSC_0019\"\n                    src=\"https:\/\/scinawa.pl\/wp-content\/gallery\/2017-10-23-wspominali-ks-jerzego-popieluszke\/thumbs\/thumbs_DSC_0019.jpg\"\n                    width=\"200\"\n                    height=\"140\"\n                    style=\"max-width:100%;\"\n                \/>\n            <\/a>\n        <\/div>\n\t\t\t\t\t\t\t<\/div> \n\t\t\t\n\t\t\t\t<div id=\"ngg-image-19\" class=\"ngg-gallery-thumbnail-box \" >\n\t\t\t\t        <div class=\"ngg-gallery-thumbnail\">\n            <a href=\"https:\/\/scinawa.pl\/wp-content\/gallery\/2017-10-23-wspominali-ks-jerzego-popieluszke\/DSC_0020.jpg\"\n               title=\"\"\n               data-src=\"https:\/\/scinawa.pl\/wp-content\/gallery\/2017-10-23-wspominali-ks-jerzego-popieluszke\/DSC_0020.jpg\"\n               data-thumbnail=\"https:\/\/scinawa.pl\/wp-content\/gallery\/2017-10-23-wspominali-ks-jerzego-popieluszke\/thumbs\/thumbs_DSC_0020.jpg\"\n               data-image-id=\"6749\"\n               data-title=\"DSC_0020\"\n               data-description=\"\"\n               data-image-slug=\"dsc_0020-27\"\n               class=\"ngg-fancybox\" rel=\"dc394e52f3bd41308d815fb8a1bc5253\">\n                <img\n                    title=\"DSC_0020\"\n                    alt=\"DSC_0020\"\n                    src=\"https:\/\/scinawa.pl\/wp-content\/gallery\/2017-10-23-wspominali-ks-jerzego-popieluszke\/thumbs\/thumbs_DSC_0020.jpg\"\n                    width=\"200\"\n                    height=\"140\"\n                    style=\"max-width:100%;\"\n                \/>\n            <\/a>\n        <\/div>\n\t\t\t\t\t\t\t<\/div> \n\t\t\t\n\t\t\t\t<div id=\"ngg-image-20\" class=\"ngg-gallery-thumbnail-box \" >\n\t\t\t\t        <div class=\"ngg-gallery-thumbnail\">\n            <a href=\"https:\/\/scinawa.pl\/wp-content\/gallery\/2017-10-23-wspominali-ks-jerzego-popieluszke\/DSC_0021.jpg\"\n               title=\"\"\n               data-src=\"https:\/\/scinawa.pl\/wp-content\/gallery\/2017-10-23-wspominali-ks-jerzego-popieluszke\/DSC_0021.jpg\"\n               data-thumbnail=\"https:\/\/scinawa.pl\/wp-content\/gallery\/2017-10-23-wspominali-ks-jerzego-popieluszke\/thumbs\/thumbs_DSC_0021.jpg\"\n               data-image-id=\"6750\"\n               data-title=\"DSC_0021\"\n               data-description=\"\"\n               data-image-slug=\"dsc_0021-27\"\n               class=\"ngg-fancybox\" rel=\"dc394e52f3bd41308d815fb8a1bc5253\">\n                <img\n                    title=\"DSC_0021\"\n                    alt=\"DSC_0021\"\n                    src=\"https:\/\/scinawa.pl\/wp-content\/gallery\/2017-10-23-wspominali-ks-jerzego-popieluszke\/thumbs\/thumbs_DSC_0021.jpg\"\n                    width=\"200\"\n                    height=\"140\"\n                    style=\"max-width:100%;\"\n                \/>\n            <\/a>\n        <\/div>\n\t\t\t\t\t\t\t<\/div> \n\t\t\t\n\t\t\t\t<div id=\"ngg-image-21\" class=\"ngg-gallery-thumbnail-box \" >\n\t\t\t\t        <div class=\"ngg-gallery-thumbnail\">\n            <a href=\"https:\/\/scinawa.pl\/wp-content\/gallery\/2017-10-23-wspominali-ks-jerzego-popieluszke\/DSC_0022.jpg\"\n               title=\"\"\n               data-src=\"https:\/\/scinawa.pl\/wp-content\/gallery\/2017-10-23-wspominali-ks-jerzego-popieluszke\/DSC_0022.jpg\"\n               data-thumbnail=\"https:\/\/scinawa.pl\/wp-content\/gallery\/2017-10-23-wspominali-ks-jerzego-popieluszke\/thumbs\/thumbs_DSC_0022.jpg\"\n               data-image-id=\"6751\"\n               data-title=\"DSC_0022\"\n               data-description=\"\"\n               data-image-slug=\"dsc_0022-27\"\n               class=\"ngg-fancybox\" rel=\"dc394e52f3bd41308d815fb8a1bc5253\">\n                <img\n                    title=\"DSC_0022\"\n                    alt=\"DSC_0022\"\n                    src=\"https:\/\/scinawa.pl\/wp-content\/gallery\/2017-10-23-wspominali-ks-jerzego-popieluszke\/thumbs\/thumbs_DSC_0022.jpg\"\n                    width=\"200\"\n                    height=\"140\"\n                    style=\"max-width:100%;\"\n                \/>\n            <\/a>\n        <\/div>\n\t\t\t\t\t\t\t<\/div> \n\t\t\t\n\t\t\t\t<div id=\"ngg-image-22\" class=\"ngg-gallery-thumbnail-box \" >\n\t\t\t\t        <div class=\"ngg-gallery-thumbnail\">\n            <a href=\"https:\/\/scinawa.pl\/wp-content\/gallery\/2017-10-23-wspominali-ks-jerzego-popieluszke\/DSC_0023.jpg\"\n               title=\"\"\n               data-src=\"https:\/\/scinawa.pl\/wp-content\/gallery\/2017-10-23-wspominali-ks-jerzego-popieluszke\/DSC_0023.jpg\"\n               data-thumbnail=\"https:\/\/scinawa.pl\/wp-content\/gallery\/2017-10-23-wspominali-ks-jerzego-popieluszke\/thumbs\/thumbs_DSC_0023.jpg\"\n               data-image-id=\"6752\"\n               data-title=\"DSC_0023\"\n               data-description=\"\"\n               data-image-slug=\"dsc_0023-24\"\n               class=\"ngg-fancybox\" rel=\"dc394e52f3bd41308d815fb8a1bc5253\">\n                <img\n                    title=\"DSC_0023\"\n                    alt=\"DSC_0023\"\n                    src=\"https:\/\/scinawa.pl\/wp-content\/gallery\/2017-10-23-wspominali-ks-jerzego-popieluszke\/thumbs\/thumbs_DSC_0023.jpg\"\n                    width=\"200\"\n                    height=\"140\"\n                    style=\"max-width:100%;\"\n                \/>\n            <\/a>\n        <\/div>\n\t\t\t\t\t\t\t<\/div> \n\t\t\t\n\t\t\t\t<div id=\"ngg-image-23\" class=\"ngg-gallery-thumbnail-box \" >\n\t\t\t\t        <div class=\"ngg-gallery-thumbnail\">\n            <a href=\"https:\/\/scinawa.pl\/wp-content\/gallery\/2017-10-23-wspominali-ks-jerzego-popieluszke\/DSC_0024.jpg\"\n               title=\"\"\n               data-src=\"https:\/\/scinawa.pl\/wp-content\/gallery\/2017-10-23-wspominali-ks-jerzego-popieluszke\/DSC_0024.jpg\"\n               data-thumbnail=\"https:\/\/scinawa.pl\/wp-content\/gallery\/2017-10-23-wspominali-ks-jerzego-popieluszke\/thumbs\/thumbs_DSC_0024.jpg\"\n               data-image-id=\"6753\"\n               data-title=\"DSC_0024\"\n               data-description=\"\"\n               data-image-slug=\"dsc_0024-23\"\n               class=\"ngg-fancybox\" rel=\"dc394e52f3bd41308d815fb8a1bc5253\">\n                <img\n                    title=\"DSC_0024\"\n                    alt=\"DSC_0024\"\n                    src=\"https:\/\/scinawa.pl\/wp-content\/gallery\/2017-10-23-wspominali-ks-jerzego-popieluszke\/thumbs\/thumbs_DSC_0024.jpg\"\n                    width=\"200\"\n                    height=\"140\"\n                    style=\"max-width:100%;\"\n                \/>\n            <\/a>\n        <\/div>\n\t\t\t\t\t\t\t<\/div> \n\t\t\t\n\t\t\t\t<div id=\"ngg-image-24\" class=\"ngg-gallery-thumbnail-box \" >\n\t\t\t\t        <div class=\"ngg-gallery-thumbnail\">\n            <a href=\"https:\/\/scinawa.pl\/wp-content\/gallery\/2017-10-23-wspominali-ks-jerzego-popieluszke\/DSC_0025.jpg\"\n               title=\"\"\n               data-src=\"https:\/\/scinawa.pl\/wp-content\/gallery\/2017-10-23-wspominali-ks-jerzego-popieluszke\/DSC_0025.jpg\"\n               data-thumbnail=\"https:\/\/scinawa.pl\/wp-content\/gallery\/2017-10-23-wspominali-ks-jerzego-popieluszke\/thumbs\/thumbs_DSC_0025.jpg\"\n               data-image-id=\"6754\"\n               data-title=\"DSC_0025\"\n               data-description=\"\"\n               data-image-slug=\"dsc_0025-25\"\n               class=\"ngg-fancybox\" rel=\"dc394e52f3bd41308d815fb8a1bc5253\">\n                <img\n                    title=\"DSC_0025\"\n                    alt=\"DSC_0025\"\n                    src=\"https:\/\/scinawa.pl\/wp-content\/gallery\/2017-10-23-wspominali-ks-jerzego-popieluszke\/thumbs\/thumbs_DSC_0025.jpg\"\n                    width=\"200\"\n                    height=\"140\"\n                    style=\"max-width:100%;\"\n                \/>\n            <\/a>\n        <\/div>\n\t\t\t\t\t\t\t<\/div> \n\t\t\t\n\t\t\t\t<div id=\"ngg-image-25\" class=\"ngg-gallery-thumbnail-box \" >\n\t\t\t\t        <div class=\"ngg-gallery-thumbnail\">\n            <a href=\"https:\/\/scinawa.pl\/wp-content\/gallery\/2017-10-23-wspominali-ks-jerzego-popieluszke\/DSC_0026.jpg\"\n               title=\"\"\n               data-src=\"https:\/\/scinawa.pl\/wp-content\/gallery\/2017-10-23-wspominali-ks-jerzego-popieluszke\/DSC_0026.jpg\"\n               data-thumbnail=\"https:\/\/scinawa.pl\/wp-content\/gallery\/2017-10-23-wspominali-ks-jerzego-popieluszke\/thumbs\/thumbs_DSC_0026.jpg\"\n               data-image-id=\"6755\"\n               data-title=\"DSC_0026\"\n               data-description=\"\"\n               data-image-slug=\"dsc_0026-23\"\n               class=\"ngg-fancybox\" rel=\"dc394e52f3bd41308d815fb8a1bc5253\">\n                <img\n                    title=\"DSC_0026\"\n                    alt=\"DSC_0026\"\n                    src=\"https:\/\/scinawa.pl\/wp-content\/gallery\/2017-10-23-wspominali-ks-jerzego-popieluszke\/thumbs\/thumbs_DSC_0026.jpg\"\n                    width=\"200\"\n                    height=\"140\"\n                    style=\"max-width:100%;\"\n                \/>\n            <\/a>\n        <\/div>\n\t\t\t\t\t\t\t<\/div> \n\t\t\t\n\t\t\t\t<div id=\"ngg-image-26\" class=\"ngg-gallery-thumbnail-box \" >\n\t\t\t\t        <div class=\"ngg-gallery-thumbnail\">\n            <a href=\"https:\/\/scinawa.pl\/wp-content\/gallery\/2017-10-23-wspominali-ks-jerzego-popieluszke\/DSC_0027.jpg\"\n               title=\"\"\n               data-src=\"https:\/\/scinawa.pl\/wp-content\/gallery\/2017-10-23-wspominali-ks-jerzego-popieluszke\/DSC_0027.jpg\"\n               data-thumbnail=\"https:\/\/scinawa.pl\/wp-content\/gallery\/2017-10-23-wspominali-ks-jerzego-popieluszke\/thumbs\/thumbs_DSC_0027.jpg\"\n               data-image-id=\"6756\"\n               data-title=\"DSC_0027\"\n               data-description=\"\"\n               data-image-slug=\"dsc_0027-22\"\n               class=\"ngg-fancybox\" rel=\"dc394e52f3bd41308d815fb8a1bc5253\">\n                <img\n                    title=\"DSC_0027\"\n                    alt=\"DSC_0027\"\n                    src=\"https:\/\/scinawa.pl\/wp-content\/gallery\/2017-10-23-wspominali-ks-jerzego-popieluszke\/thumbs\/thumbs_DSC_0027.jpg\"\n                    width=\"200\"\n                    height=\"140\"\n                    style=\"max-width:100%;\"\n                \/>\n            <\/a>\n        <\/div>\n\t\t\t\t\t\t\t<\/div> \n\t\t\t\n\t\t\t\t<div id=\"ngg-image-27\" class=\"ngg-gallery-thumbnail-box \" >\n\t\t\t\t        <div class=\"ngg-gallery-thumbnail\">\n            <a href=\"https:\/\/scinawa.pl\/wp-content\/gallery\/2017-10-23-wspominali-ks-jerzego-popieluszke\/DSC_0028.jpg\"\n               title=\"\"\n               data-src=\"https:\/\/scinawa.pl\/wp-content\/gallery\/2017-10-23-wspominali-ks-jerzego-popieluszke\/DSC_0028.jpg\"\n               data-thumbnail=\"https:\/\/scinawa.pl\/wp-content\/gallery\/2017-10-23-wspominali-ks-jerzego-popieluszke\/thumbs\/thumbs_DSC_0028.jpg\"\n               data-image-id=\"6757\"\n               data-title=\"DSC_0028\"\n               data-description=\"\"\n               data-image-slug=\"dsc_0028-24\"\n               class=\"ngg-fancybox\" rel=\"dc394e52f3bd41308d815fb8a1bc5253\">\n                <img\n                    title=\"DSC_0028\"\n                    alt=\"DSC_0028\"\n                    src=\"https:\/\/scinawa.pl\/wp-content\/gallery\/2017-10-23-wspominali-ks-jerzego-popieluszke\/thumbs\/thumbs_DSC_0028.jpg\"\n                    width=\"200\"\n                    height=\"140\"\n                    style=\"max-width:100%;\"\n                \/>\n            <\/a>\n        <\/div>\n\t\t\t\t\t\t\t<\/div> \n\t\t\t\n\t\t\t\t<div id=\"ngg-image-28\" class=\"ngg-gallery-thumbnail-box \" >\n\t\t\t\t        <div class=\"ngg-gallery-thumbnail\">\n            <a href=\"https:\/\/scinawa.pl\/wp-content\/gallery\/2017-10-23-wspominali-ks-jerzego-popieluszke\/DSC_0029.jpg\"\n               title=\"\"\n               data-src=\"https:\/\/scinawa.pl\/wp-content\/gallery\/2017-10-23-wspominali-ks-jerzego-popieluszke\/DSC_0029.jpg\"\n               data-thumbnail=\"https:\/\/scinawa.pl\/wp-content\/gallery\/2017-10-23-wspominali-ks-jerzego-popieluszke\/thumbs\/thumbs_DSC_0029.jpg\"\n               data-image-id=\"6758\"\n               data-title=\"DSC_0029\"\n               data-description=\"\"\n               data-image-slug=\"dsc_0029-22\"\n               class=\"ngg-fancybox\" rel=\"dc394e52f3bd41308d815fb8a1bc5253\">\n                <img\n                    title=\"DSC_0029\"\n                    alt=\"DSC_0029\"\n                    src=\"https:\/\/scinawa.pl\/wp-content\/gallery\/2017-10-23-wspominali-ks-jerzego-popieluszke\/thumbs\/thumbs_DSC_0029.jpg\"\n                    width=\"200\"\n                    height=\"140\"\n                    style=\"max-width:100%;\"\n                \/>\n            <\/a>\n        <\/div>\n\t\t\t\t\t\t\t<\/div> \n\t\t\t\n\t\t\t\t<div id=\"ngg-image-29\" class=\"ngg-gallery-thumbnail-box \" >\n\t\t\t\t        <div class=\"ngg-gallery-thumbnail\">\n            <a href=\"https:\/\/scinawa.pl\/wp-content\/gallery\/2017-10-23-wspominali-ks-jerzego-popieluszke\/DSC_0030.jpg\"\n               title=\"\"\n               data-src=\"https:\/\/scinawa.pl\/wp-content\/gallery\/2017-10-23-wspominali-ks-jerzego-popieluszke\/DSC_0030.jpg\"\n               data-thumbnail=\"https:\/\/scinawa.pl\/wp-content\/gallery\/2017-10-23-wspominali-ks-jerzego-popieluszke\/thumbs\/thumbs_DSC_0030.jpg\"\n               data-image-id=\"6759\"\n               data-title=\"DSC_0030\"\n               data-description=\"\"\n               data-image-slug=\"dsc_0030-23\"\n               class=\"ngg-fancybox\" rel=\"dc394e52f3bd41308d815fb8a1bc5253\">\n                <img\n                    title=\"DSC_0030\"\n                    alt=\"DSC_0030\"\n                    src=\"https:\/\/scinawa.pl\/wp-content\/gallery\/2017-10-23-wspominali-ks-jerzego-popieluszke\/thumbs\/thumbs_DSC_0030.jpg\"\n                    width=\"200\"\n                    height=\"140\"\n                    style=\"max-width:100%;\"\n                \/>\n            <\/a>\n        <\/div>\n\t\t\t\t\t\t\t<\/div> \n\t\t\t\n\t\t\t\t<div id=\"ngg-image-30\" class=\"ngg-gallery-thumbnail-box \" >\n\t\t\t\t        <div class=\"ngg-gallery-thumbnail\">\n            <a href=\"https:\/\/scinawa.pl\/wp-content\/gallery\/2017-10-23-wspominali-ks-jerzego-popieluszke\/DSC_0031.jpg\"\n               title=\"\"\n               data-src=\"https:\/\/scinawa.pl\/wp-content\/gallery\/2017-10-23-wspominali-ks-jerzego-popieluszke\/DSC_0031.jpg\"\n               data-thumbnail=\"https:\/\/scinawa.pl\/wp-content\/gallery\/2017-10-23-wspominali-ks-jerzego-popieluszke\/thumbs\/thumbs_DSC_0031.jpg\"\n               data-image-id=\"6760\"\n               data-title=\"DSC_0031\"\n               data-description=\"\"\n               data-image-slug=\"dsc_0031-25\"\n               class=\"ngg-fancybox\" rel=\"dc394e52f3bd41308d815fb8a1bc5253\">\n                <img\n                    title=\"DSC_0031\"\n                    alt=\"DSC_0031\"\n                    src=\"https:\/\/scinawa.pl\/wp-content\/gallery\/2017-10-23-wspominali-ks-jerzego-popieluszke\/thumbs\/thumbs_DSC_0031.jpg\"\n                    width=\"200\"\n                    height=\"140\"\n                    style=\"max-width:100%;\"\n                \/>\n            <\/a>\n        <\/div>\n\t\t\t\t\t\t\t<\/div> \n\t\t\t\n\t\t\t\t<div id=\"ngg-image-31\" class=\"ngg-gallery-thumbnail-box \" >\n\t\t\t\t        <div class=\"ngg-gallery-thumbnail\">\n            <a href=\"https:\/\/scinawa.pl\/wp-content\/gallery\/2017-10-23-wspominali-ks-jerzego-popieluszke\/DSC_0032.jpg\"\n               title=\"\"\n               data-src=\"https:\/\/scinawa.pl\/wp-content\/gallery\/2017-10-23-wspominali-ks-jerzego-popieluszke\/DSC_0032.jpg\"\n               data-thumbnail=\"https:\/\/scinawa.pl\/wp-content\/gallery\/2017-10-23-wspominali-ks-jerzego-popieluszke\/thumbs\/thumbs_DSC_0032.jpg\"\n               data-image-id=\"6761\"\n               data-title=\"DSC_0032\"\n               data-description=\"\"\n               data-image-slug=\"dsc_0032-22\"\n               class=\"ngg-fancybox\" rel=\"dc394e52f3bd41308d815fb8a1bc5253\">\n                <img\n                    title=\"DSC_0032\"\n                    alt=\"DSC_0032\"\n                    src=\"https:\/\/scinawa.pl\/wp-content\/gallery\/2017-10-23-wspominali-ks-jerzego-popieluszke\/thumbs\/thumbs_DSC_0032.jpg\"\n                    width=\"200\"\n                    height=\"140\"\n                    style=\"max-width:100%;\"\n                \/>\n            <\/a>\n        <\/div>\n\t\t\t\t\t\t\t<\/div> \n\t\t\t\n\t\t\t\t<div id=\"ngg-image-32\" class=\"ngg-gallery-thumbnail-box \" >\n\t\t\t\t        <div class=\"ngg-gallery-thumbnail\">\n            <a href=\"https:\/\/scinawa.pl\/wp-content\/gallery\/2017-10-23-wspominali-ks-jerzego-popieluszke\/DSC_0033.jpg\"\n               title=\"\"\n               data-src=\"https:\/\/scinawa.pl\/wp-content\/gallery\/2017-10-23-wspominali-ks-jerzego-popieluszke\/DSC_0033.jpg\"\n               data-thumbnail=\"https:\/\/scinawa.pl\/wp-content\/gallery\/2017-10-23-wspominali-ks-jerzego-popieluszke\/thumbs\/thumbs_DSC_0033.jpg\"\n               data-image-id=\"6762\"\n               data-title=\"DSC_0033\"\n               data-description=\"\"\n               data-image-slug=\"dsc_0033-20\"\n               class=\"ngg-fancybox\" rel=\"dc394e52f3bd41308d815fb8a1bc5253\">\n                <img\n                    title=\"DSC_0033\"\n                    alt=\"DSC_0033\"\n                    src=\"https:\/\/scinawa.pl\/wp-content\/gallery\/2017-10-23-wspominali-ks-jerzego-popieluszke\/thumbs\/thumbs_DSC_0033.jpg\"\n                    width=\"200\"\n                    height=\"140\"\n                    style=\"max-width:100%;\"\n                \/>\n            <\/a>\n        <\/div>\n\t\t\t\t\t\t\t<\/div> \n\t\t\t\n\t\t\t\t<div id=\"ngg-image-33\" class=\"ngg-gallery-thumbnail-box \" >\n\t\t\t\t        <div class=\"ngg-gallery-thumbnail\">\n            <a href=\"https:\/\/scinawa.pl\/wp-content\/gallery\/2017-10-23-wspominali-ks-jerzego-popieluszke\/DSC_0034.jpg\"\n               title=\"\"\n               data-src=\"https:\/\/scinawa.pl\/wp-content\/gallery\/2017-10-23-wspominali-ks-jerzego-popieluszke\/DSC_0034.jpg\"\n               data-thumbnail=\"https:\/\/scinawa.pl\/wp-content\/gallery\/2017-10-23-wspominali-ks-jerzego-popieluszke\/thumbs\/thumbs_DSC_0034.jpg\"\n               data-image-id=\"6763\"\n               data-title=\"DSC_0034\"\n               data-description=\"\"\n               data-image-slug=\"dsc_0034-20\"\n               class=\"ngg-fancybox\" rel=\"dc394e52f3bd41308d815fb8a1bc5253\">\n                <img\n                    title=\"DSC_0034\"\n                    alt=\"DSC_0034\"\n                    src=\"https:\/\/scinawa.pl\/wp-content\/gallery\/2017-10-23-wspominali-ks-jerzego-popieluszke\/thumbs\/thumbs_DSC_0034.jpg\"\n                    width=\"200\"\n                    height=\"140\"\n                    style=\"max-width:100%;\"\n                \/>\n            <\/a>\n        <\/div>\n\t\t\t\t\t\t\t<\/div> \n\t\t\t\n\t\t\t\t<div id=\"ngg-image-34\" class=\"ngg-gallery-thumbnail-box \" >\n\t\t\t\t        <div class=\"ngg-gallery-thumbnail\">\n            <a href=\"https:\/\/scinawa.pl\/wp-content\/gallery\/2017-10-23-wspominali-ks-jerzego-popieluszke\/DSC_0035.jpg\"\n               title=\"\"\n               data-src=\"https:\/\/scinawa.pl\/wp-content\/gallery\/2017-10-23-wspominali-ks-jerzego-popieluszke\/DSC_0035.jpg\"\n               data-thumbnail=\"https:\/\/scinawa.pl\/wp-content\/gallery\/2017-10-23-wspominali-ks-jerzego-popieluszke\/thumbs\/thumbs_DSC_0035.jpg\"\n               data-image-id=\"6764\"\n               data-title=\"DSC_0035\"\n               data-description=\"\"\n               data-image-slug=\"dsc_0035-20\"\n               class=\"ngg-fancybox\" rel=\"dc394e52f3bd41308d815fb8a1bc5253\">\n                <img\n                    title=\"DSC_0035\"\n                    alt=\"DSC_0035\"\n                    src=\"https:\/\/scinawa.pl\/wp-content\/gallery\/2017-10-23-wspominali-ks-jerzego-popieluszke\/thumbs\/thumbs_DSC_0035.jpg\"\n                    width=\"200\"\n                    height=\"140\"\n                    style=\"max-width:100%;\"\n                \/>\n            <\/a>\n        <\/div>\n\t\t\t\t\t\t\t<\/div> \n\t\t\t\n\t\t\t\t<div id=\"ngg-image-35\" class=\"ngg-gallery-thumbnail-box \" >\n\t\t\t\t        <div class=\"ngg-gallery-thumbnail\">\n            <a href=\"https:\/\/scinawa.pl\/wp-content\/gallery\/2017-10-23-wspominali-ks-jerzego-popieluszke\/DSC_0036.jpg\"\n               title=\"\"\n               data-src=\"https:\/\/scinawa.pl\/wp-content\/gallery\/2017-10-23-wspominali-ks-jerzego-popieluszke\/DSC_0036.jpg\"\n               data-thumbnail=\"https:\/\/scinawa.pl\/wp-content\/gallery\/2017-10-23-wspominali-ks-jerzego-popieluszke\/thumbs\/thumbs_DSC_0036.jpg\"\n               data-image-id=\"6765\"\n               data-title=\"DSC_0036\"\n               data-description=\"\"\n               data-image-slug=\"dsc_0036-21\"\n               class=\"ngg-fancybox\" rel=\"dc394e52f3bd41308d815fb8a1bc5253\">\n                <img\n                    title=\"DSC_0036\"\n                    alt=\"DSC_0036\"\n                    src=\"https:\/\/scinawa.pl\/wp-content\/gallery\/2017-10-23-wspominali-ks-jerzego-popieluszke\/thumbs\/thumbs_DSC_0036.jpg\"\n                    width=\"200\"\n                    height=\"140\"\n                    style=\"max-width:100%;\"\n                \/>\n            <\/a>\n        <\/div>\n\t\t\t\t\t\t\t<\/div> \n\t\t\t\n\t\t\t\t<div id=\"ngg-image-36\" class=\"ngg-gallery-thumbnail-box \" >\n\t\t\t\t        <div class=\"ngg-gallery-thumbnail\">\n            <a href=\"https:\/\/scinawa.pl\/wp-content\/gallery\/2017-10-23-wspominali-ks-jerzego-popieluszke\/DSC_0037.jpg\"\n               title=\"\"\n               data-src=\"https:\/\/scinawa.pl\/wp-content\/gallery\/2017-10-23-wspominali-ks-jerzego-popieluszke\/DSC_0037.jpg\"\n               data-thumbnail=\"https:\/\/scinawa.pl\/wp-content\/gallery\/2017-10-23-wspominali-ks-jerzego-popieluszke\/thumbs\/thumbs_DSC_0037.jpg\"\n               data-image-id=\"6766\"\n               data-title=\"DSC_0037\"\n               data-description=\"\"\n               data-image-slug=\"dsc_0037-21\"\n               class=\"ngg-fancybox\" rel=\"dc394e52f3bd41308d815fb8a1bc5253\">\n                <img\n                    title=\"DSC_0037\"\n                    alt=\"DSC_0037\"\n                    src=\"https:\/\/scinawa.pl\/wp-content\/gallery\/2017-10-23-wspominali-ks-jerzego-popieluszke\/thumbs\/thumbs_DSC_0037.jpg\"\n                    width=\"200\"\n                    height=\"140\"\n                    style=\"max-width:100%;\"\n                \/>\n            <\/a>\n        <\/div>\n\t\t\t\t\t\t\t<\/div> \n\t\t\t\n\t\t\t\t<div id=\"ngg-image-37\" class=\"ngg-gallery-thumbnail-box \" >\n\t\t\t\t        <div class=\"ngg-gallery-thumbnail\">\n            <a href=\"https:\/\/scinawa.pl\/wp-content\/gallery\/2017-10-23-wspominali-ks-jerzego-popieluszke\/DSC_0038.jpg\"\n               title=\"\"\n               data-src=\"https:\/\/scinawa.pl\/wp-content\/gallery\/2017-10-23-wspominali-ks-jerzego-popieluszke\/DSC_0038.jpg\"\n               data-thumbnail=\"https:\/\/scinawa.pl\/wp-content\/gallery\/2017-10-23-wspominali-ks-jerzego-popieluszke\/thumbs\/thumbs_DSC_0038.jpg\"\n               data-image-id=\"6767\"\n               data-title=\"DSC_0038\"\n               data-description=\"\"\n               data-image-slug=\"dsc_0038-21\"\n               class=\"ngg-fancybox\" rel=\"dc394e52f3bd41308d815fb8a1bc5253\">\n                <img\n                    title=\"DSC_0038\"\n                    alt=\"DSC_0038\"\n                    src=\"https:\/\/scinawa.pl\/wp-content\/gallery\/2017-10-23-wspominali-ks-jerzego-popieluszke\/thumbs\/thumbs_DSC_0038.jpg\"\n                    width=\"200\"\n                    height=\"140\"\n                    style=\"max-width:100%;\"\n                \/>\n            <\/a>\n        <\/div>\n\t\t\t\t\t\t\t<\/div> \n\t\t\t\n\t\t\t\t<div id=\"ngg-image-38\" class=\"ngg-gallery-thumbnail-box \" >\n\t\t\t\t        <div class=\"ngg-gallery-thumbnail\">\n            <a href=\"https:\/\/scinawa.pl\/wp-content\/gallery\/2017-10-23-wspominali-ks-jerzego-popieluszke\/DSC_0039.jpg\"\n               title=\"\"\n               data-src=\"https:\/\/scinawa.pl\/wp-content\/gallery\/2017-10-23-wspominali-ks-jerzego-popieluszke\/DSC_0039.jpg\"\n               data-thumbnail=\"https:\/\/scinawa.pl\/wp-content\/gallery\/2017-10-23-wspominali-ks-jerzego-popieluszke\/thumbs\/thumbs_DSC_0039.jpg\"\n               data-image-id=\"6768\"\n               data-title=\"DSC_0039\"\n               data-description=\"\"\n               data-image-slug=\"dsc_0039-20\"\n               class=\"ngg-fancybox\" rel=\"dc394e52f3bd41308d815fb8a1bc5253\">\n                <img\n                    title=\"DSC_0039\"\n                    alt=\"DSC_0039\"\n                    src=\"https:\/\/scinawa.pl\/wp-content\/gallery\/2017-10-23-wspominali-ks-jerzego-popieluszke\/thumbs\/thumbs_DSC_0039.jpg\"\n                    width=\"200\"\n                    height=\"140\"\n                    style=\"max-width:100%;\"\n                \/>\n            <\/a>\n        <\/div>\n\t\t\t\t\t\t\t<\/div> \n\t\t\t\n\t\t\t\t<div id=\"ngg-image-39\" class=\"ngg-gallery-thumbnail-box \" >\n\t\t\t\t        <div class=\"ngg-gallery-thumbnail\">\n            <a href=\"https:\/\/scinawa.pl\/wp-content\/gallery\/2017-10-23-wspominali-ks-jerzego-popieluszke\/DSC_0040.jpg\"\n               title=\"\"\n               data-src=\"https:\/\/scinawa.pl\/wp-content\/gallery\/2017-10-23-wspominali-ks-jerzego-popieluszke\/DSC_0040.jpg\"\n               data-thumbnail=\"https:\/\/scinawa.pl\/wp-content\/gallery\/2017-10-23-wspominali-ks-jerzego-popieluszke\/thumbs\/thumbs_DSC_0040.jpg\"\n               data-image-id=\"6769\"\n               data-title=\"DSC_0040\"\n               data-description=\"\"\n               data-image-slug=\"dsc_0040-20\"\n               class=\"ngg-fancybox\" rel=\"dc394e52f3bd41308d815fb8a1bc5253\">\n                <img\n                    title=\"DSC_0040\"\n                    alt=\"DSC_0040\"\n                    src=\"https:\/\/scinawa.pl\/wp-content\/gallery\/2017-10-23-wspominali-ks-jerzego-popieluszke\/thumbs\/thumbs_DSC_0040.jpg\"\n                    width=\"200\"\n                    height=\"140\"\n                    style=\"max-width:100%;\"\n                \/>\n            <\/a>\n        <\/div>\n\t\t\t\t\t\t\t<\/div> \n\t\t\t\n\t\t\t\t<div id=\"ngg-image-40\" class=\"ngg-gallery-thumbnail-box \" >\n\t\t\t\t        <div class=\"ngg-gallery-thumbnail\">\n            <a href=\"https:\/\/scinawa.pl\/wp-content\/gallery\/2017-10-23-wspominali-ks-jerzego-popieluszke\/DSC_0041.jpg\"\n               title=\"\"\n               data-src=\"https:\/\/scinawa.pl\/wp-content\/gallery\/2017-10-23-wspominali-ks-jerzego-popieluszke\/DSC_0041.jpg\"\n               data-thumbnail=\"https:\/\/scinawa.pl\/wp-content\/gallery\/2017-10-23-wspominali-ks-jerzego-popieluszke\/thumbs\/thumbs_DSC_0041.jpg\"\n               data-image-id=\"6770\"\n               data-title=\"DSC_0041\"\n               data-description=\"\"\n               data-image-slug=\"dsc_0041-19\"\n               class=\"ngg-fancybox\" rel=\"dc394e52f3bd41308d815fb8a1bc5253\">\n                <img\n                    title=\"DSC_0041\"\n                    alt=\"DSC_0041\"\n                    src=\"https:\/\/scinawa.pl\/wp-content\/gallery\/2017-10-23-wspominali-ks-jerzego-popieluszke\/thumbs\/thumbs_DSC_0041.jpg\"\n                    width=\"200\"\n                    height=\"140\"\n                    style=\"max-width:100%;\"\n                \/>\n            <\/a>\n        <\/div>\n\t\t\t\t\t\t\t<\/div> \n\t\t\t\n\t\t\t\t<div id=\"ngg-image-41\" class=\"ngg-gallery-thumbnail-box \" >\n\t\t\t\t        <div class=\"ngg-gallery-thumbnail\">\n            <a href=\"https:\/\/scinawa.pl\/wp-content\/gallery\/2017-10-23-wspominali-ks-jerzego-popieluszke\/DSC_0042.jpg\"\n               title=\"\"\n               data-src=\"https:\/\/scinawa.pl\/wp-content\/gallery\/2017-10-23-wspominali-ks-jerzego-popieluszke\/DSC_0042.jpg\"\n               data-thumbnail=\"https:\/\/scinawa.pl\/wp-content\/gallery\/2017-10-23-wspominali-ks-jerzego-popieluszke\/thumbs\/thumbs_DSC_0042.jpg\"\n               data-image-id=\"6771\"\n               data-title=\"DSC_0042\"\n               data-description=\"\"\n               data-image-slug=\"dsc_0042-18\"\n               class=\"ngg-fancybox\" rel=\"dc394e52f3bd41308d815fb8a1bc5253\">\n                <img\n                    title=\"DSC_0042\"\n                    alt=\"DSC_0042\"\n                    src=\"https:\/\/scinawa.pl\/wp-content\/gallery\/2017-10-23-wspominali-ks-jerzego-popieluszke\/thumbs\/thumbs_DSC_0042.jpg\"\n                    width=\"200\"\n                    height=\"140\"\n                    style=\"max-width:100%;\"\n                \/>\n            <\/a>\n        <\/div>\n\t\t\t\t\t\t\t<\/div> \n\t\t\t\n\t\t\t\t<div id=\"ngg-image-42\" class=\"ngg-gallery-thumbnail-box \" >\n\t\t\t\t        <div class=\"ngg-gallery-thumbnail\">\n            <a href=\"https:\/\/scinawa.pl\/wp-content\/gallery\/2017-10-23-wspominali-ks-jerzego-popieluszke\/DSC_0043.jpg\"\n               title=\"\"\n               data-src=\"https:\/\/scinawa.pl\/wp-content\/gallery\/2017-10-23-wspominali-ks-jerzego-popieluszke\/DSC_0043.jpg\"\n               data-thumbnail=\"https:\/\/scinawa.pl\/wp-content\/gallery\/2017-10-23-wspominali-ks-jerzego-popieluszke\/thumbs\/thumbs_DSC_0043.jpg\"\n               data-image-id=\"6772\"\n               data-title=\"DSC_0043\"\n               data-description=\"\"\n               data-image-slug=\"dsc_0043-17\"\n               class=\"ngg-fancybox\" rel=\"dc394e52f3bd41308d815fb8a1bc5253\">\n                <img\n                    title=\"DSC_0043\"\n                    alt=\"DSC_0043\"\n                    src=\"https:\/\/scinawa.pl\/wp-content\/gallery\/2017-10-23-wspominali-ks-jerzego-popieluszke\/thumbs\/thumbs_DSC_0043.jpg\"\n                    width=\"200\"\n                    height=\"140\"\n                    style=\"max-width:100%;\"\n                \/>\n            <\/a>\n        <\/div>\n\t\t\t\t\t\t\t<\/div> \n\t\t\t\n\t\t\t\t<div id=\"ngg-image-43\" class=\"ngg-gallery-thumbnail-box \" >\n\t\t\t\t        <div class=\"ngg-gallery-thumbnail\">\n            <a href=\"https:\/\/scinawa.pl\/wp-content\/gallery\/2017-10-23-wspominali-ks-jerzego-popieluszke\/DSC_0044.jpg\"\n               title=\"\"\n               data-src=\"https:\/\/scinawa.pl\/wp-content\/gallery\/2017-10-23-wspominali-ks-jerzego-popieluszke\/DSC_0044.jpg\"\n               data-thumbnail=\"https:\/\/scinawa.pl\/wp-content\/gallery\/2017-10-23-wspominali-ks-jerzego-popieluszke\/thumbs\/thumbs_DSC_0044.jpg\"\n               data-image-id=\"6773\"\n               data-title=\"DSC_0044\"\n               data-description=\"\"\n               data-image-slug=\"dsc_0044-20\"\n               class=\"ngg-fancybox\" rel=\"dc394e52f3bd41308d815fb8a1bc5253\">\n                <img\n                    title=\"DSC_0044\"\n                    alt=\"DSC_0044\"\n                    src=\"https:\/\/scinawa.pl\/wp-content\/gallery\/2017-10-23-wspominali-ks-jerzego-popieluszke\/thumbs\/thumbs_DSC_0044.jpg\"\n                    width=\"200\"\n                    height=\"140\"\n                    style=\"max-width:100%;\"\n                \/>\n            <\/a>\n        <\/div>\n\t\t\t\t\t\t\t<\/div> \n\t\t\t\n\t\t\t\t<div id=\"ngg-image-44\" class=\"ngg-gallery-thumbnail-box \" >\n\t\t\t\t        <div class=\"ngg-gallery-thumbnail\">\n            <a href=\"https:\/\/scinawa.pl\/wp-content\/gallery\/2017-10-23-wspominali-ks-jerzego-popieluszke\/DSC_0045.jpg\"\n               title=\"\"\n               data-src=\"https:\/\/scinawa.pl\/wp-content\/gallery\/2017-10-23-wspominali-ks-jerzego-popieluszke\/DSC_0045.jpg\"\n               data-thumbnail=\"https:\/\/scinawa.pl\/wp-content\/gallery\/2017-10-23-wspominali-ks-jerzego-popieluszke\/thumbs\/thumbs_DSC_0045.jpg\"\n               data-image-id=\"6774\"\n               data-title=\"DSC_0045\"\n               data-description=\"\"\n               data-image-slug=\"dsc_0045-17\"\n               class=\"ngg-fancybox\" rel=\"dc394e52f3bd41308d815fb8a1bc5253\">\n                <img\n                    title=\"DSC_0045\"\n                    alt=\"DSC_0045\"\n                    src=\"https:\/\/scinawa.pl\/wp-content\/gallery\/2017-10-23-wspominali-ks-jerzego-popieluszke\/thumbs\/thumbs_DSC_0045.jpg\"\n                    width=\"200\"\n                    height=\"140\"\n                    style=\"max-width:100%;\"\n                \/>\n            <\/a>\n        <\/div>\n\t\t\t\t\t\t\t<\/div> \n\t\t\t\n\t\t\t\t<div id=\"ngg-image-45\" class=\"ngg-gallery-thumbnail-box \" >\n\t\t\t\t        <div class=\"ngg-gallery-thumbnail\">\n            <a href=\"https:\/\/scinawa.pl\/wp-content\/gallery\/2017-10-23-wspominali-ks-jerzego-popieluszke\/DSC_0046.jpg\"\n               title=\"\"\n               data-src=\"https:\/\/scinawa.pl\/wp-content\/gallery\/2017-10-23-wspominali-ks-jerzego-popieluszke\/DSC_0046.jpg\"\n               data-thumbnail=\"https:\/\/scinawa.pl\/wp-content\/gallery\/2017-10-23-wspominali-ks-jerzego-popieluszke\/thumbs\/thumbs_DSC_0046.jpg\"\n               data-image-id=\"6775\"\n               data-title=\"DSC_0046\"\n               data-description=\"\"\n               data-image-slug=\"dsc_0046-17\"\n               class=\"ngg-fancybox\" rel=\"dc394e52f3bd41308d815fb8a1bc5253\">\n                <img\n                    title=\"DSC_0046\"\n                    alt=\"DSC_0046\"\n                    src=\"https:\/\/scinawa.pl\/wp-content\/gallery\/2017-10-23-wspominali-ks-jerzego-popieluszke\/thumbs\/thumbs_DSC_0046.jpg\"\n                    width=\"200\"\n                    height=\"140\"\n                    style=\"max-width:100%;\"\n                \/>\n            <\/a>\n        <\/div>\n\t\t\t\t\t\t\t<\/div> \n\t\t\t\n\t\t\t\t<div id=\"ngg-image-46\" class=\"ngg-gallery-thumbnail-box \" >\n\t\t\t\t        <div class=\"ngg-gallery-thumbnail\">\n            <a href=\"https:\/\/scinawa.pl\/wp-content\/gallery\/2017-10-23-wspominali-ks-jerzego-popieluszke\/DSC_0047.jpg\"\n               title=\"\"\n               data-src=\"https:\/\/scinawa.pl\/wp-content\/gallery\/2017-10-23-wspominali-ks-jerzego-popieluszke\/DSC_0047.jpg\"\n               data-thumbnail=\"https:\/\/scinawa.pl\/wp-content\/gallery\/2017-10-23-wspominali-ks-jerzego-popieluszke\/thumbs\/thumbs_DSC_0047.jpg\"\n               data-image-id=\"6776\"\n               data-title=\"DSC_0047\"\n               data-description=\"\"\n               data-image-slug=\"dsc_0047-18\"\n               class=\"ngg-fancybox\" rel=\"dc394e52f3bd41308d815fb8a1bc5253\">\n                <img\n                    title=\"DSC_0047\"\n                    alt=\"DSC_0047\"\n                    src=\"https:\/\/scinawa.pl\/wp-content\/gallery\/2017-10-23-wspominali-ks-jerzego-popieluszke\/thumbs\/thumbs_DSC_0047.jpg\"\n                    width=\"200\"\n                    height=\"140\"\n                    style=\"max-width:100%;\"\n                \/>\n            <\/a>\n        <\/div>\n\t\t\t\t\t\t\t<\/div> \n\t\t\t\n\t\t\t\t<div id=\"ngg-image-47\" class=\"ngg-gallery-thumbnail-box \" >\n\t\t\t\t        <div class=\"ngg-gallery-thumbnail\">\n            <a href=\"https:\/\/scinawa.pl\/wp-content\/gallery\/2017-10-23-wspominali-ks-jerzego-popieluszke\/DSC_0048.jpg\"\n               title=\"\"\n               data-src=\"https:\/\/scinawa.pl\/wp-content\/gallery\/2017-10-23-wspominali-ks-jerzego-popieluszke\/DSC_0048.jpg\"\n               data-thumbnail=\"https:\/\/scinawa.pl\/wp-content\/gallery\/2017-10-23-wspominali-ks-jerzego-popieluszke\/thumbs\/thumbs_DSC_0048.jpg\"\n               data-image-id=\"6777\"\n               data-title=\"DSC_0048\"\n               data-description=\"\"\n               data-image-slug=\"dsc_0048-19\"\n               class=\"ngg-fancybox\" rel=\"dc394e52f3bd41308d815fb8a1bc5253\">\n                <img\n                    title=\"DSC_0048\"\n                    alt=\"DSC_0048\"\n                    src=\"https:\/\/scinawa.pl\/wp-content\/gallery\/2017-10-23-wspominali-ks-jerzego-popieluszke\/thumbs\/thumbs_DSC_0048.jpg\"\n                    width=\"200\"\n                    height=\"140\"\n                    style=\"max-width:100%;\"\n                \/>\n            <\/a>\n        <\/div>\n\t\t\t\t\t\t\t<\/div> \n\t\t\t\n\t\t\t\t<div id=\"ngg-image-48\" class=\"ngg-gallery-thumbnail-box \" >\n\t\t\t\t        <div class=\"ngg-gallery-thumbnail\">\n            <a href=\"https:\/\/scinawa.pl\/wp-content\/gallery\/2017-10-23-wspominali-ks-jerzego-popieluszke\/DSC_0049.jpg\"\n               title=\"\"\n               data-src=\"https:\/\/scinawa.pl\/wp-content\/gallery\/2017-10-23-wspominali-ks-jerzego-popieluszke\/DSC_0049.jpg\"\n               data-thumbnail=\"https:\/\/scinawa.pl\/wp-content\/gallery\/2017-10-23-wspominali-ks-jerzego-popieluszke\/thumbs\/thumbs_DSC_0049.jpg\"\n               data-image-id=\"6778\"\n               data-title=\"DSC_0049\"\n               data-description=\"\"\n               data-image-slug=\"dsc_0049-17\"\n               class=\"ngg-fancybox\" rel=\"dc394e52f3bd41308d815fb8a1bc5253\">\n                <img\n                    title=\"DSC_0049\"\n                    alt=\"DSC_0049\"\n                    src=\"https:\/\/scinawa.pl\/wp-content\/gallery\/2017-10-23-wspominali-ks-jerzego-popieluszke\/thumbs\/thumbs_DSC_0049.jpg\"\n                    width=\"200\"\n                    height=\"140\"\n                    style=\"max-width:100%;\"\n                \/>\n            <\/a>\n        <\/div>\n\t\t\t\t\t\t\t<\/div> \n\t\t\t\n\t\t\t\t<div id=\"ngg-image-49\" class=\"ngg-gallery-thumbnail-box \" >\n\t\t\t\t        <div class=\"ngg-gallery-thumbnail\">\n            <a href=\"https:\/\/scinawa.pl\/wp-content\/gallery\/2017-10-23-wspominali-ks-jerzego-popieluszke\/DSC_0050.jpg\"\n               title=\"\"\n               data-src=\"https:\/\/scinawa.pl\/wp-content\/gallery\/2017-10-23-wspominali-ks-jerzego-popieluszke\/DSC_0050.jpg\"\n               data-thumbnail=\"https:\/\/scinawa.pl\/wp-content\/gallery\/2017-10-23-wspominali-ks-jerzego-popieluszke\/thumbs\/thumbs_DSC_0050.jpg\"\n               data-image-id=\"6779\"\n               data-title=\"DSC_0050\"\n               data-description=\"\"\n               data-image-slug=\"dsc_0050-18\"\n               class=\"ngg-fancybox\" rel=\"dc394e52f3bd41308d815fb8a1bc5253\">\n                <img\n                    title=\"DSC_0050\"\n                    alt=\"DSC_0050\"\n                    src=\"https:\/\/scinawa.pl\/wp-content\/gallery\/2017-10-23-wspominali-ks-jerzego-popieluszke\/thumbs\/thumbs_DSC_0050.jpg\"\n                    width=\"200\"\n                    height=\"140\"\n                    style=\"max-width:100%;\"\n                \/>\n            <\/a>\n        <\/div>\n\t\t\t\t\t\t\t<\/div> \n\t\t\t\n\t\t\t\t<div id=\"ngg-image-50\" class=\"ngg-gallery-thumbnail-box \" >\n\t\t\t\t        <div class=\"ngg-gallery-thumbnail\">\n            <a href=\"https:\/\/scinawa.pl\/wp-content\/gallery\/2017-10-23-wspominali-ks-jerzego-popieluszke\/DSC_0051.jpg\"\n               title=\"\"\n               data-src=\"https:\/\/scinawa.pl\/wp-content\/gallery\/2017-10-23-wspominali-ks-jerzego-popieluszke\/DSC_0051.jpg\"\n               data-thumbnail=\"https:\/\/scinawa.pl\/wp-content\/gallery\/2017-10-23-wspominali-ks-jerzego-popieluszke\/thumbs\/thumbs_DSC_0051.jpg\"\n               data-image-id=\"6780\"\n               data-title=\"DSC_0051\"\n               data-description=\"\"\n               data-image-slug=\"dsc_0051-16\"\n               class=\"ngg-fancybox\" rel=\"dc394e52f3bd41308d815fb8a1bc5253\">\n                <img\n                    title=\"DSC_0051\"\n                    alt=\"DSC_0051\"\n                    src=\"https:\/\/scinawa.pl\/wp-content\/gallery\/2017-10-23-wspominali-ks-jerzego-popieluszke\/thumbs\/thumbs_DSC_0051.jpg\"\n                    width=\"200\"\n                    height=\"140\"\n                    style=\"max-width:100%;\"\n                \/>\n            <\/a>\n        <\/div>\n\t\t\t\t\t\t\t<\/div> \n\t\t\t\n\t\t\t\t<div id=\"ngg-image-51\" class=\"ngg-gallery-thumbnail-box \" >\n\t\t\t\t        <div class=\"ngg-gallery-thumbnail\">\n            <a href=\"https:\/\/scinawa.pl\/wp-content\/gallery\/2017-10-23-wspominali-ks-jerzego-popieluszke\/DSC_0052.jpg\"\n               title=\"\"\n               data-src=\"https:\/\/scinawa.pl\/wp-content\/gallery\/2017-10-23-wspominali-ks-jerzego-popieluszke\/DSC_0052.jpg\"\n               data-thumbnail=\"https:\/\/scinawa.pl\/wp-content\/gallery\/2017-10-23-wspominali-ks-jerzego-popieluszke\/thumbs\/thumbs_DSC_0052.jpg\"\n               data-image-id=\"6781\"\n               data-title=\"DSC_0052\"\n               data-description=\"\"\n               data-image-slug=\"dsc_0052-18\"\n               class=\"ngg-fancybox\" rel=\"dc394e52f3bd41308d815fb8a1bc5253\">\n                <img\n                    title=\"DSC_0052\"\n                    alt=\"DSC_0052\"\n                    src=\"https:\/\/scinawa.pl\/wp-content\/gallery\/2017-10-23-wspominali-ks-jerzego-popieluszke\/thumbs\/thumbs_DSC_0052.jpg\"\n                    width=\"200\"\n                    height=\"140\"\n                    style=\"max-width:100%;\"\n                \/>\n            <\/a>\n        <\/div>\n\t\t\t\t\t\t\t<\/div> \n\t\t\t\n\t\t\t\t<div id=\"ngg-image-52\" class=\"ngg-gallery-thumbnail-box \" >\n\t\t\t\t        <div class=\"ngg-gallery-thumbnail\">\n            <a href=\"https:\/\/scinawa.pl\/wp-content\/gallery\/2017-10-23-wspominali-ks-jerzego-popieluszke\/DSC_0053.jpg\"\n               title=\"\"\n               data-src=\"https:\/\/scinawa.pl\/wp-content\/gallery\/2017-10-23-wspominali-ks-jerzego-popieluszke\/DSC_0053.jpg\"\n               data-thumbnail=\"https:\/\/scinawa.pl\/wp-content\/gallery\/2017-10-23-wspominali-ks-jerzego-popieluszke\/thumbs\/thumbs_DSC_0053.jpg\"\n               data-image-id=\"6782\"\n               data-title=\"DSC_0053\"\n               data-description=\"\"\n               data-image-slug=\"dsc_0053-18\"\n               class=\"ngg-fancybox\" rel=\"dc394e52f3bd41308d815fb8a1bc5253\">\n                <img\n                    title=\"DSC_0053\"\n                    alt=\"DSC_0053\"\n                    src=\"https:\/\/scinawa.pl\/wp-content\/gallery\/2017-10-23-wspominali-ks-jerzego-popieluszke\/thumbs\/thumbs_DSC_0053.jpg\"\n                    width=\"200\"\n                    height=\"140\"\n                    style=\"max-width:100%;\"\n                \/>\n            <\/a>\n        <\/div>\n\t\t\t\t\t\t\t<\/div> \n\t\t\t\n\t\t\t\t<div id=\"ngg-image-53\" class=\"ngg-gallery-thumbnail-box \" >\n\t\t\t\t        <div class=\"ngg-gallery-thumbnail\">\n            <a href=\"https:\/\/scinawa.pl\/wp-content\/gallery\/2017-10-23-wspominali-ks-jerzego-popieluszke\/DSC_0054.jpg\"\n               title=\"\"\n               data-src=\"https:\/\/scinawa.pl\/wp-content\/gallery\/2017-10-23-wspominali-ks-jerzego-popieluszke\/DSC_0054.jpg\"\n               data-thumbnail=\"https:\/\/scinawa.pl\/wp-content\/gallery\/2017-10-23-wspominali-ks-jerzego-popieluszke\/thumbs\/thumbs_DSC_0054.jpg\"\n               data-image-id=\"6783\"\n               data-title=\"DSC_0054\"\n               data-description=\"\"\n               data-image-slug=\"dsc_0054-17\"\n               class=\"ngg-fancybox\" rel=\"dc394e52f3bd41308d815fb8a1bc5253\">\n                <img\n                    title=\"DSC_0054\"\n                    alt=\"DSC_0054\"\n                    src=\"https:\/\/scinawa.pl\/wp-content\/gallery\/2017-10-23-wspominali-ks-jerzego-popieluszke\/thumbs\/thumbs_DSC_0054.jpg\"\n                    width=\"200\"\n                    height=\"140\"\n                    style=\"max-width:100%;\"\n                \/>\n            <\/a>\n        <\/div>\n\t\t\t\t\t\t\t<\/div> \n\t\t\t\n\t\t\t\t<div id=\"ngg-image-54\" class=\"ngg-gallery-thumbnail-box \" >\n\t\t\t\t        <div class=\"ngg-gallery-thumbnail\">\n            <a href=\"https:\/\/scinawa.pl\/wp-content\/gallery\/2017-10-23-wspominali-ks-jerzego-popieluszke\/DSC_0055.jpg\"\n               title=\"\"\n               data-src=\"https:\/\/scinawa.pl\/wp-content\/gallery\/2017-10-23-wspominali-ks-jerzego-popieluszke\/DSC_0055.jpg\"\n               data-thumbnail=\"https:\/\/scinawa.pl\/wp-content\/gallery\/2017-10-23-wspominali-ks-jerzego-popieluszke\/thumbs\/thumbs_DSC_0055.jpg\"\n               data-image-id=\"6784\"\n               data-title=\"DSC_0055\"\n               data-description=\"\"\n               data-image-slug=\"dsc_0055-16\"\n               class=\"ngg-fancybox\" rel=\"dc394e52f3bd41308d815fb8a1bc5253\">\n                <img\n                    title=\"DSC_0055\"\n                    alt=\"DSC_0055\"\n                    src=\"https:\/\/scinawa.pl\/wp-content\/gallery\/2017-10-23-wspominali-ks-jerzego-popieluszke\/thumbs\/thumbs_DSC_0055.jpg\"\n                    width=\"200\"\n                    height=\"140\"\n                    style=\"max-width:100%;\"\n                \/>\n            <\/a>\n        <\/div>\n\t\t\t\t\t\t\t<\/div> \n\t\t\t\n\t\t\t\t<div id=\"ngg-image-55\" class=\"ngg-gallery-thumbnail-box \" >\n\t\t\t\t        <div class=\"ngg-gallery-thumbnail\">\n            <a href=\"https:\/\/scinawa.pl\/wp-content\/gallery\/2017-10-23-wspominali-ks-jerzego-popieluszke\/DSC_0056.jpg\"\n               title=\"\"\n               data-src=\"https:\/\/scinawa.pl\/wp-content\/gallery\/2017-10-23-wspominali-ks-jerzego-popieluszke\/DSC_0056.jpg\"\n               data-thumbnail=\"https:\/\/scinawa.pl\/wp-content\/gallery\/2017-10-23-wspominali-ks-jerzego-popieluszke\/thumbs\/thumbs_DSC_0056.jpg\"\n               data-image-id=\"6785\"\n               data-title=\"DSC_0056\"\n               data-description=\"\"\n               data-image-slug=\"dsc_0056-18\"\n               class=\"ngg-fancybox\" rel=\"dc394e52f3bd41308d815fb8a1bc5253\">\n                <img\n                    title=\"DSC_0056\"\n                    alt=\"DSC_0056\"\n                    src=\"https:\/\/scinawa.pl\/wp-content\/gallery\/2017-10-23-wspominali-ks-jerzego-popieluszke\/thumbs\/thumbs_DSC_0056.jpg\"\n                    width=\"200\"\n                    height=\"140\"\n                    style=\"max-width:100%;\"\n                \/>\n            <\/a>\n        <\/div>\n\t\t\t\t\t\t\t<\/div> \n\t\t\t\n\t\t\t\t<div id=\"ngg-image-56\" class=\"ngg-gallery-thumbnail-box \" >\n\t\t\t\t        <div class=\"ngg-gallery-thumbnail\">\n            <a href=\"https:\/\/scinawa.pl\/wp-content\/gallery\/2017-10-23-wspominali-ks-jerzego-popieluszke\/DSC_0057.jpg\"\n               title=\"\"\n               data-src=\"https:\/\/scinawa.pl\/wp-content\/gallery\/2017-10-23-wspominali-ks-jerzego-popieluszke\/DSC_0057.jpg\"\n               data-thumbnail=\"https:\/\/scinawa.pl\/wp-content\/gallery\/2017-10-23-wspominali-ks-jerzego-popieluszke\/thumbs\/thumbs_DSC_0057.jpg\"\n               data-image-id=\"6786\"\n               data-title=\"DSC_0057\"\n               data-description=\"\"\n               data-image-slug=\"dsc_0057-17\"\n               class=\"ngg-fancybox\" rel=\"dc394e52f3bd41308d815fb8a1bc5253\">\n                <img\n                    title=\"DSC_0057\"\n                    alt=\"DSC_0057\"\n                    src=\"https:\/\/scinawa.pl\/wp-content\/gallery\/2017-10-23-wspominali-ks-jerzego-popieluszke\/thumbs\/thumbs_DSC_0057.jpg\"\n                    width=\"200\"\n                    height=\"140\"\n                    style=\"max-width:100%;\"\n                \/>\n            <\/a>\n        <\/div>\n\t\t\t\t\t\t\t<\/div> \n\t\t\t\n\t\t\t\t<div id=\"ngg-image-57\" class=\"ngg-gallery-thumbnail-box \" >\n\t\t\t\t        <div class=\"ngg-gallery-thumbnail\">\n            <a href=\"https:\/\/scinawa.pl\/wp-content\/gallery\/2017-10-23-wspominali-ks-jerzego-popieluszke\/DSC_0058.jpg\"\n               title=\"\"\n               data-src=\"https:\/\/scinawa.pl\/wp-content\/gallery\/2017-10-23-wspominali-ks-jerzego-popieluszke\/DSC_0058.jpg\"\n               data-thumbnail=\"https:\/\/scinawa.pl\/wp-content\/gallery\/2017-10-23-wspominali-ks-jerzego-popieluszke\/thumbs\/thumbs_DSC_0058.jpg\"\n               data-image-id=\"6787\"\n               data-title=\"DSC_0058\"\n               data-description=\"\"\n               data-image-slug=\"dsc_0058-17\"\n               class=\"ngg-fancybox\" rel=\"dc394e52f3bd41308d815fb8a1bc5253\">\n                <img\n                    title=\"DSC_0058\"\n                    alt=\"DSC_0058\"\n                    src=\"https:\/\/scinawa.pl\/wp-content\/gallery\/2017-10-23-wspominali-ks-jerzego-popieluszke\/thumbs\/thumbs_DSC_0058.jpg\"\n                    width=\"200\"\n                    height=\"140\"\n                    style=\"max-width:100%;\"\n                \/>\n            <\/a>\n        <\/div>\n\t\t\t\t\t\t\t<\/div> \n\t\t\t\n\t\t\t\t<div id=\"ngg-image-58\" class=\"ngg-gallery-thumbnail-box \" >\n\t\t\t\t        <div class=\"ngg-gallery-thumbnail\">\n            <a href=\"https:\/\/scinawa.pl\/wp-content\/gallery\/2017-10-23-wspominali-ks-jerzego-popieluszke\/DSC_0059.jpg\"\n               title=\"\"\n               data-src=\"https:\/\/scinawa.pl\/wp-content\/gallery\/2017-10-23-wspominali-ks-jerzego-popieluszke\/DSC_0059.jpg\"\n               data-thumbnail=\"https:\/\/scinawa.pl\/wp-content\/gallery\/2017-10-23-wspominali-ks-jerzego-popieluszke\/thumbs\/thumbs_DSC_0059.jpg\"\n               data-image-id=\"6788\"\n               data-title=\"DSC_0059\"\n               data-description=\"\"\n               data-image-slug=\"dsc_0059-16\"\n               class=\"ngg-fancybox\" rel=\"dc394e52f3bd41308d815fb8a1bc5253\">\n                <img\n                    title=\"DSC_0059\"\n                    alt=\"DSC_0059\"\n                    src=\"https:\/\/scinawa.pl\/wp-content\/gallery\/2017-10-23-wspominali-ks-jerzego-popieluszke\/thumbs\/thumbs_DSC_0059.jpg\"\n                    width=\"200\"\n                    height=\"140\"\n                    style=\"max-width:100%;\"\n                \/>\n            <\/a>\n        <\/div>\n\t\t\t\t\t\t\t<\/div> \n\t\t\t\n\t\t\t\t<div id=\"ngg-image-59\" class=\"ngg-gallery-thumbnail-box \" >\n\t\t\t\t        <div class=\"ngg-gallery-thumbnail\">\n            <a href=\"https:\/\/scinawa.pl\/wp-content\/gallery\/2017-10-23-wspominali-ks-jerzego-popieluszke\/DSC_0060.jpg\"\n               title=\"\"\n               data-src=\"https:\/\/scinawa.pl\/wp-content\/gallery\/2017-10-23-wspominali-ks-jerzego-popieluszke\/DSC_0060.jpg\"\n               data-thumbnail=\"https:\/\/scinawa.pl\/wp-content\/gallery\/2017-10-23-wspominali-ks-jerzego-popieluszke\/thumbs\/thumbs_DSC_0060.jpg\"\n               data-image-id=\"6789\"\n               data-title=\"DSC_0060\"\n               data-description=\"\"\n               data-image-slug=\"dsc_0060-20\"\n               class=\"ngg-fancybox\" rel=\"dc394e52f3bd41308d815fb8a1bc5253\">\n                <img\n                    title=\"DSC_0060\"\n                    alt=\"DSC_0060\"\n                    src=\"https:\/\/scinawa.pl\/wp-content\/gallery\/2017-10-23-wspominali-ks-jerzego-popieluszke\/thumbs\/thumbs_DSC_0060.jpg\"\n                    width=\"200\"\n                    height=\"140\"\n                    style=\"max-width:100%;\"\n                \/>\n            <\/a>\n        <\/div>\n\t\t\t\t\t\t\t<\/div> \n\t\t\t\n\t\t\t\t<div id=\"ngg-image-60\" class=\"ngg-gallery-thumbnail-box \" >\n\t\t\t\t        <div class=\"ngg-gallery-thumbnail\">\n            <a href=\"https:\/\/scinawa.pl\/wp-content\/gallery\/2017-10-23-wspominali-ks-jerzego-popieluszke\/DSC_0061.jpg\"\n               title=\"\"\n               data-src=\"https:\/\/scinawa.pl\/wp-content\/gallery\/2017-10-23-wspominali-ks-jerzego-popieluszke\/DSC_0061.jpg\"\n               data-thumbnail=\"https:\/\/scinawa.pl\/wp-content\/gallery\/2017-10-23-wspominali-ks-jerzego-popieluszke\/thumbs\/thumbs_DSC_0061.jpg\"\n               data-image-id=\"6790\"\n               data-title=\"DSC_0061\"\n               data-description=\"\"\n               data-image-slug=\"dsc_0061-17\"\n               class=\"ngg-fancybox\" rel=\"dc394e52f3bd41308d815fb8a1bc5253\">\n                <img\n                    title=\"DSC_0061\"\n                    alt=\"DSC_0061\"\n                    src=\"https:\/\/scinawa.pl\/wp-content\/gallery\/2017-10-23-wspominali-ks-jerzego-popieluszke\/thumbs\/thumbs_DSC_0061.jpg\"\n                    width=\"200\"\n                    height=\"140\"\n                    style=\"max-width:100%;\"\n                \/>\n            <\/a>\n        <\/div>\n\t\t\t\t\t\t\t<\/div> \n\t\t\t\n\t\t\t\t<div id=\"ngg-image-61\" class=\"ngg-gallery-thumbnail-box \" >\n\t\t\t\t        <div class=\"ngg-gallery-thumbnail\">\n            <a href=\"https:\/\/scinawa.pl\/wp-content\/gallery\/2017-10-23-wspominali-ks-jerzego-popieluszke\/DSC_0062.jpg\"\n               title=\"\"\n               data-src=\"https:\/\/scinawa.pl\/wp-content\/gallery\/2017-10-23-wspominali-ks-jerzego-popieluszke\/DSC_0062.jpg\"\n               data-thumbnail=\"https:\/\/scinawa.pl\/wp-content\/gallery\/2017-10-23-wspominali-ks-jerzego-popieluszke\/thumbs\/thumbs_DSC_0062.jpg\"\n               data-image-id=\"6791\"\n               data-title=\"DSC_0062\"\n               data-description=\"\"\n               data-image-slug=\"dsc_0062-17\"\n               class=\"ngg-fancybox\" rel=\"dc394e52f3bd41308d815fb8a1bc5253\">\n                <img\n                    title=\"DSC_0062\"\n                    alt=\"DSC_0062\"\n                    src=\"https:\/\/scinawa.pl\/wp-content\/gallery\/2017-10-23-wspominali-ks-jerzego-popieluszke\/thumbs\/thumbs_DSC_0062.jpg\"\n                    width=\"200\"\n                    height=\"140\"\n                    style=\"max-width:100%;\"\n                \/>\n            <\/a>\n        <\/div>\n\t\t\t\t\t\t\t<\/div> \n\t\t\t\n\t\t\t\t<div id=\"ngg-image-62\" class=\"ngg-gallery-thumbnail-box \" >\n\t\t\t\t        <div class=\"ngg-gallery-thumbnail\">\n            <a href=\"https:\/\/scinawa.pl\/wp-content\/gallery\/2017-10-23-wspominali-ks-jerzego-popieluszke\/DSC_0063.jpg\"\n               title=\"\"\n               data-src=\"https:\/\/scinawa.pl\/wp-content\/gallery\/2017-10-23-wspominali-ks-jerzego-popieluszke\/DSC_0063.jpg\"\n               data-thumbnail=\"https:\/\/scinawa.pl\/wp-content\/gallery\/2017-10-23-wspominali-ks-jerzego-popieluszke\/thumbs\/thumbs_DSC_0063.jpg\"\n               data-image-id=\"6792\"\n               data-title=\"DSC_0063\"\n               data-description=\"\"\n               data-image-slug=\"dsc_0063-16\"\n               class=\"ngg-fancybox\" rel=\"dc394e52f3bd41308d815fb8a1bc5253\">\n                <img\n                    title=\"DSC_0063\"\n                    alt=\"DSC_0063\"\n                    src=\"https:\/\/scinawa.pl\/wp-content\/gallery\/2017-10-23-wspominali-ks-jerzego-popieluszke\/thumbs\/thumbs_DSC_0063.jpg\"\n                    width=\"200\"\n                    height=\"140\"\n                    style=\"max-width:100%;\"\n                \/>\n            <\/a>\n        <\/div>\n\t\t\t\t\t\t\t<\/div> \n\t\t\t\n\t\t\t\t<div id=\"ngg-image-63\" class=\"ngg-gallery-thumbnail-box \" >\n\t\t\t\t        <div class=\"ngg-gallery-thumbnail\">\n            <a href=\"https:\/\/scinawa.pl\/wp-content\/gallery\/2017-10-23-wspominali-ks-jerzego-popieluszke\/DSC_0064.jpg\"\n               title=\"\"\n               data-src=\"https:\/\/scinawa.pl\/wp-content\/gallery\/2017-10-23-wspominali-ks-jerzego-popieluszke\/DSC_0064.jpg\"\n               data-thumbnail=\"https:\/\/scinawa.pl\/wp-content\/gallery\/2017-10-23-wspominali-ks-jerzego-popieluszke\/thumbs\/thumbs_DSC_0064.jpg\"\n               data-image-id=\"6793\"\n               data-title=\"DSC_0064\"\n               data-description=\"\"\n               data-image-slug=\"dsc_0064-19\"\n               class=\"ngg-fancybox\" rel=\"dc394e52f3bd41308d815fb8a1bc5253\">\n                <img\n                    title=\"DSC_0064\"\n                    alt=\"DSC_0064\"\n                    src=\"https:\/\/scinawa.pl\/wp-content\/gallery\/2017-10-23-wspominali-ks-jerzego-popieluszke\/thumbs\/thumbs_DSC_0064.jpg\"\n                    width=\"200\"\n                    height=\"140\"\n                    style=\"max-width:100%;\"\n                \/>\n            <\/a>\n        <\/div>\n\t\t\t\t\t\t\t<\/div> \n\t\t\t\n\t\t\t\t<div id=\"ngg-image-64\" class=\"ngg-gallery-thumbnail-box \" >\n\t\t\t\t        <div class=\"ngg-gallery-thumbnail\">\n            <a href=\"https:\/\/scinawa.pl\/wp-content\/gallery\/2017-10-23-wspominali-ks-jerzego-popieluszke\/DSC_0065.jpg\"\n               title=\"\"\n               data-src=\"https:\/\/scinawa.pl\/wp-content\/gallery\/2017-10-23-wspominali-ks-jerzego-popieluszke\/DSC_0065.jpg\"\n               data-thumbnail=\"https:\/\/scinawa.pl\/wp-content\/gallery\/2017-10-23-wspominali-ks-jerzego-popieluszke\/thumbs\/thumbs_DSC_0065.jpg\"\n               data-image-id=\"6794\"\n               data-title=\"DSC_0065\"\n               data-description=\"\"\n               data-image-slug=\"dsc_0065-18\"\n               class=\"ngg-fancybox\" rel=\"dc394e52f3bd41308d815fb8a1bc5253\">\n                <img\n                    title=\"DSC_0065\"\n                    alt=\"DSC_0065\"\n                    src=\"https:\/\/scinawa.pl\/wp-content\/gallery\/2017-10-23-wspominali-ks-jerzego-popieluszke\/thumbs\/thumbs_DSC_0065.jpg\"\n                    width=\"200\"\n                    height=\"140\"\n                    style=\"max-width:100%;\"\n                \/>\n            <\/a>\n        <\/div>\n\t\t\t\t\t\t\t<\/div> \n\t\t\t\n\t\t\t\t<div id=\"ngg-image-65\" class=\"ngg-gallery-thumbnail-box \" >\n\t\t\t\t        <div class=\"ngg-gallery-thumbnail\">\n            <a href=\"https:\/\/scinawa.pl\/wp-content\/gallery\/2017-10-23-wspominali-ks-jerzego-popieluszke\/DSC_0066.jpg\"\n               title=\"\"\n               data-src=\"https:\/\/scinawa.pl\/wp-content\/gallery\/2017-10-23-wspominali-ks-jerzego-popieluszke\/DSC_0066.jpg\"\n               data-thumbnail=\"https:\/\/scinawa.pl\/wp-content\/gallery\/2017-10-23-wspominali-ks-jerzego-popieluszke\/thumbs\/thumbs_DSC_0066.jpg\"\n               data-image-id=\"6795\"\n               data-title=\"DSC_0066\"\n               data-description=\"\"\n               data-image-slug=\"dsc_0066-17\"\n               class=\"ngg-fancybox\" rel=\"dc394e52f3bd41308d815fb8a1bc5253\">\n                <img\n                    title=\"DSC_0066\"\n                    alt=\"DSC_0066\"\n                    src=\"https:\/\/scinawa.pl\/wp-content\/gallery\/2017-10-23-wspominali-ks-jerzego-popieluszke\/thumbs\/thumbs_DSC_0066.jpg\"\n                    width=\"200\"\n                    height=\"140\"\n                    style=\"max-width:100%;\"\n                \/>\n            <\/a>\n        <\/div>\n\t\t\t\t\t\t\t<\/div> \n\t\t\t\n\t\t\t\t<div id=\"ngg-image-66\" class=\"ngg-gallery-thumbnail-box \" >\n\t\t\t\t        <div class=\"ngg-gallery-thumbnail\">\n            <a href=\"https:\/\/scinawa.pl\/wp-content\/gallery\/2017-10-23-wspominali-ks-jerzego-popieluszke\/DSC_0067.jpg\"\n               title=\"\"\n               data-src=\"https:\/\/scinawa.pl\/wp-content\/gallery\/2017-10-23-wspominali-ks-jerzego-popieluszke\/DSC_0067.jpg\"\n               data-thumbnail=\"https:\/\/scinawa.pl\/wp-content\/gallery\/2017-10-23-wspominali-ks-jerzego-popieluszke\/thumbs\/thumbs_DSC_0067.jpg\"\n               data-image-id=\"6796\"\n               data-title=\"DSC_0067\"\n               data-description=\"\"\n               data-image-slug=\"dsc_0067-19\"\n               class=\"ngg-fancybox\" rel=\"dc394e52f3bd41308d815fb8a1bc5253\">\n                <img\n                    title=\"DSC_0067\"\n                    alt=\"DSC_0067\"\n                    src=\"https:\/\/scinawa.pl\/wp-content\/gallery\/2017-10-23-wspominali-ks-jerzego-popieluszke\/thumbs\/thumbs_DSC_0067.jpg\"\n                    width=\"200\"\n                    height=\"140\"\n                    style=\"max-width:100%;\"\n                \/>\n            <\/a>\n        <\/div>\n\t\t\t\t\t\t\t<\/div> \n\t\t\t\n\t\t\t\t<div id=\"ngg-image-67\" class=\"ngg-gallery-thumbnail-box \" >\n\t\t\t\t        <div class=\"ngg-gallery-thumbnail\">\n            <a href=\"https:\/\/scinawa.pl\/wp-content\/gallery\/2017-10-23-wspominali-ks-jerzego-popieluszke\/DSC_0068.jpg\"\n               title=\"\"\n               data-src=\"https:\/\/scinawa.pl\/wp-content\/gallery\/2017-10-23-wspominali-ks-jerzego-popieluszke\/DSC_0068.jpg\"\n               data-thumbnail=\"https:\/\/scinawa.pl\/wp-content\/gallery\/2017-10-23-wspominali-ks-jerzego-popieluszke\/thumbs\/thumbs_DSC_0068.jpg\"\n               data-image-id=\"6797\"\n               data-title=\"DSC_0068\"\n               data-description=\"\"\n               data-image-slug=\"dsc_0068-18\"\n               class=\"ngg-fancybox\" rel=\"dc394e52f3bd41308d815fb8a1bc5253\">\n                <img\n                    title=\"DSC_0068\"\n                    alt=\"DSC_0068\"\n                    src=\"https:\/\/scinawa.pl\/wp-content\/gallery\/2017-10-23-wspominali-ks-jerzego-popieluszke\/thumbs\/thumbs_DSC_0068.jpg\"\n                    width=\"200\"\n                    height=\"140\"\n                    style=\"max-width:100%;\"\n                \/>\n            <\/a>\n        <\/div>\n\t\t\t\t\t\t\t<\/div> \n\t\t\t\n\t\t\t\t<div id=\"ngg-image-68\" class=\"ngg-gallery-thumbnail-box \" >\n\t\t\t\t        <div class=\"ngg-gallery-thumbnail\">\n            <a href=\"https:\/\/scinawa.pl\/wp-content\/gallery\/2017-10-23-wspominali-ks-jerzego-popieluszke\/DSC_0069.jpg\"\n               title=\"\"\n               data-src=\"https:\/\/scinawa.pl\/wp-content\/gallery\/2017-10-23-wspominali-ks-jerzego-popieluszke\/DSC_0069.jpg\"\n               data-thumbnail=\"https:\/\/scinawa.pl\/wp-content\/gallery\/2017-10-23-wspominali-ks-jerzego-popieluszke\/thumbs\/thumbs_DSC_0069.jpg\"\n               data-image-id=\"6798\"\n               data-title=\"DSC_0069\"\n               data-description=\"\"\n               data-image-slug=\"dsc_0069-18\"\n               class=\"ngg-fancybox\" rel=\"dc394e52f3bd41308d815fb8a1bc5253\">\n                <img\n                    title=\"DSC_0069\"\n                    alt=\"DSC_0069\"\n                    src=\"https:\/\/scinawa.pl\/wp-content\/gallery\/2017-10-23-wspominali-ks-jerzego-popieluszke\/thumbs\/thumbs_DSC_0069.jpg\"\n                    width=\"200\"\n                    height=\"140\"\n                    style=\"max-width:100%;\"\n                \/>\n            <\/a>\n        <\/div>\n\t\t\t\t\t\t\t<\/div> \n\t\t\t\n\t\t\t\t<div id=\"ngg-image-69\" class=\"ngg-gallery-thumbnail-box \" >\n\t\t\t\t        <div class=\"ngg-gallery-thumbnail\">\n            <a href=\"https:\/\/scinawa.pl\/wp-content\/gallery\/2017-10-23-wspominali-ks-jerzego-popieluszke\/DSC_0070.jpg\"\n               title=\"\"\n               data-src=\"https:\/\/scinawa.pl\/wp-content\/gallery\/2017-10-23-wspominali-ks-jerzego-popieluszke\/DSC_0070.jpg\"\n               data-thumbnail=\"https:\/\/scinawa.pl\/wp-content\/gallery\/2017-10-23-wspominali-ks-jerzego-popieluszke\/thumbs\/thumbs_DSC_0070.jpg\"\n               data-image-id=\"6799\"\n               data-title=\"DSC_0070\"\n               data-description=\"\"\n               data-image-slug=\"dsc_0070-19\"\n               class=\"ngg-fancybox\" rel=\"dc394e52f3bd41308d815fb8a1bc5253\">\n                <img\n                    title=\"DSC_0070\"\n                    alt=\"DSC_0070\"\n                    src=\"https:\/\/scinawa.pl\/wp-content\/gallery\/2017-10-23-wspominali-ks-jerzego-popieluszke\/thumbs\/thumbs_DSC_0070.jpg\"\n                    width=\"200\"\n                    height=\"140\"\n                    style=\"max-width:100%;\"\n                \/>\n            <\/a>\n        <\/div>\n\t\t\t\t\t\t\t<\/div> \n\t\t\t\n\t\t\t\t<div id=\"ngg-image-70\" class=\"ngg-gallery-thumbnail-box \" >\n\t\t\t\t        <div class=\"ngg-gallery-thumbnail\">\n            <a href=\"https:\/\/scinawa.pl\/wp-content\/gallery\/2017-10-23-wspominali-ks-jerzego-popieluszke\/DSC_0071.jpg\"\n               title=\"\"\n               data-src=\"https:\/\/scinawa.pl\/wp-content\/gallery\/2017-10-23-wspominali-ks-jerzego-popieluszke\/DSC_0071.jpg\"\n               data-thumbnail=\"https:\/\/scinawa.pl\/wp-content\/gallery\/2017-10-23-wspominali-ks-jerzego-popieluszke\/thumbs\/thumbs_DSC_0071.jpg\"\n               data-image-id=\"6800\"\n               data-title=\"DSC_0071\"\n               data-description=\"\"\n               data-image-slug=\"dsc_0071-18\"\n               class=\"ngg-fancybox\" rel=\"dc394e52f3bd41308d815fb8a1bc5253\">\n                <img\n                    title=\"DSC_0071\"\n                    alt=\"DSC_0071\"\n                    src=\"https:\/\/scinawa.pl\/wp-content\/gallery\/2017-10-23-wspominali-ks-jerzego-popieluszke\/thumbs\/thumbs_DSC_0071.jpg\"\n                    width=\"200\"\n                    height=\"140\"\n                    style=\"max-width:100%;\"\n                \/>\n            <\/a>\n        <\/div>\n\t\t\t\t\t\t\t<\/div> \n\t\t\t\n\t\t\t\t<div id=\"ngg-image-71\" class=\"ngg-gallery-thumbnail-box \" >\n\t\t\t\t        <div class=\"ngg-gallery-thumbnail\">\n            <a href=\"https:\/\/scinawa.pl\/wp-content\/gallery\/2017-10-23-wspominali-ks-jerzego-popieluszke\/DSC_0072.jpg\"\n               title=\"\"\n               data-src=\"https:\/\/scinawa.pl\/wp-content\/gallery\/2017-10-23-wspominali-ks-jerzego-popieluszke\/DSC_0072.jpg\"\n               data-thumbnail=\"https:\/\/scinawa.pl\/wp-content\/gallery\/2017-10-23-wspominali-ks-jerzego-popieluszke\/thumbs\/thumbs_DSC_0072.jpg\"\n               data-image-id=\"6801\"\n               data-title=\"DSC_0072\"\n               data-description=\"\"\n               data-image-slug=\"dsc_0072-20\"\n               class=\"ngg-fancybox\" rel=\"dc394e52f3bd41308d815fb8a1bc5253\">\n                <img\n                    title=\"DSC_0072\"\n                    alt=\"DSC_0072\"\n                    src=\"https:\/\/scinawa.pl\/wp-content\/gallery\/2017-10-23-wspominali-ks-jerzego-popieluszke\/thumbs\/thumbs_DSC_0072.jpg\"\n                    width=\"200\"\n                    height=\"140\"\n                    style=\"max-width:100%;\"\n                \/>\n            <\/a>\n        <\/div>\n\t\t\t\t\t\t\t<\/div> \n\t\t\t\n\t\t\t\t<div id=\"ngg-image-72\" class=\"ngg-gallery-thumbnail-box \" >\n\t\t\t\t        <div class=\"ngg-gallery-thumbnail\">\n            <a href=\"https:\/\/scinawa.pl\/wp-content\/gallery\/2017-10-23-wspominali-ks-jerzego-popieluszke\/DSC_0073.jpg\"\n               title=\"\"\n               data-src=\"https:\/\/scinawa.pl\/wp-content\/gallery\/2017-10-23-wspominali-ks-jerzego-popieluszke\/DSC_0073.jpg\"\n               data-thumbnail=\"https:\/\/scinawa.pl\/wp-content\/gallery\/2017-10-23-wspominali-ks-jerzego-popieluszke\/thumbs\/thumbs_DSC_0073.jpg\"\n               data-image-id=\"6802\"\n               data-title=\"DSC_0073\"\n               data-description=\"\"\n               data-image-slug=\"dsc_0073-17\"\n               class=\"ngg-fancybox\" rel=\"dc394e52f3bd41308d815fb8a1bc5253\">\n                <img\n                    title=\"DSC_0073\"\n                    alt=\"DSC_0073\"\n                    src=\"https:\/\/scinawa.pl\/wp-content\/gallery\/2017-10-23-wspominali-ks-jerzego-popieluszke\/thumbs\/thumbs_DSC_0073.jpg\"\n                    width=\"200\"\n                    height=\"140\"\n                    style=\"max-width:100%;\"\n                \/>\n            <\/a>\n        <\/div>\n\t\t\t\t\t\t\t<\/div> \n\t\t\t\n\t\t\t\t<div id=\"ngg-image-73\" class=\"ngg-gallery-thumbnail-box \" >\n\t\t\t\t        <div class=\"ngg-gallery-thumbnail\">\n            <a href=\"https:\/\/scinawa.pl\/wp-content\/gallery\/2017-10-23-wspominali-ks-jerzego-popieluszke\/DSC_0074.jpg\"\n               title=\"\"\n               data-src=\"https:\/\/scinawa.pl\/wp-content\/gallery\/2017-10-23-wspominali-ks-jerzego-popieluszke\/DSC_0074.jpg\"\n               data-thumbnail=\"https:\/\/scinawa.pl\/wp-content\/gallery\/2017-10-23-wspominali-ks-jerzego-popieluszke\/thumbs\/thumbs_DSC_0074.jpg\"\n               data-image-id=\"6803\"\n               data-title=\"DSC_0074\"\n               data-description=\"\"\n               data-image-slug=\"dsc_0074-18\"\n               class=\"ngg-fancybox\" rel=\"dc394e52f3bd41308d815fb8a1bc5253\">\n                <img\n                    title=\"DSC_0074\"\n                    alt=\"DSC_0074\"\n                    src=\"https:\/\/scinawa.pl\/wp-content\/gallery\/2017-10-23-wspominali-ks-jerzego-popieluszke\/thumbs\/thumbs_DSC_0074.jpg\"\n                    width=\"200\"\n                    height=\"140\"\n                    style=\"max-width:100%;\"\n                \/>\n            <\/a>\n        <\/div>\n\t\t\t\t\t\t\t<\/div> \n\t\t\t\n\t\t\t\t<div id=\"ngg-image-74\" class=\"ngg-gallery-thumbnail-box \" >\n\t\t\t\t        <div class=\"ngg-gallery-thumbnail\">\n            <a href=\"https:\/\/scinawa.pl\/wp-content\/gallery\/2017-10-23-wspominali-ks-jerzego-popieluszke\/DSC_0075.jpg\"\n               title=\"\"\n               data-src=\"https:\/\/scinawa.pl\/wp-content\/gallery\/2017-10-23-wspominali-ks-jerzego-popieluszke\/DSC_0075.jpg\"\n               data-thumbnail=\"https:\/\/scinawa.pl\/wp-content\/gallery\/2017-10-23-wspominali-ks-jerzego-popieluszke\/thumbs\/thumbs_DSC_0075.jpg\"\n               data-image-id=\"6804\"\n               data-title=\"DSC_0075\"\n               data-description=\"\"\n               data-image-slug=\"dsc_0075-18\"\n               class=\"ngg-fancybox\" rel=\"dc394e52f3bd41308d815fb8a1bc5253\">\n                <img\n                    title=\"DSC_0075\"\n                    alt=\"DSC_0075\"\n                    src=\"https:\/\/scinawa.pl\/wp-content\/gallery\/2017-10-23-wspominali-ks-jerzego-popieluszke\/thumbs\/thumbs_DSC_0075.jpg\"\n                    width=\"200\"\n                    height=\"140\"\n                    style=\"max-width:100%;\"\n                \/>\n            <\/a>\n        <\/div>\n\t\t\t\t\t\t\t<\/div> \n\t\t\t\n\t\t\t\t<div id=\"ngg-image-75\" class=\"ngg-gallery-thumbnail-box \" >\n\t\t\t\t        <div class=\"ngg-gallery-thumbnail\">\n            <a href=\"https:\/\/scinawa.pl\/wp-content\/gallery\/2017-10-23-wspominali-ks-jerzego-popieluszke\/DSC_0076.jpg\"\n               title=\"\"\n               data-src=\"https:\/\/scinawa.pl\/wp-content\/gallery\/2017-10-23-wspominali-ks-jerzego-popieluszke\/DSC_0076.jpg\"\n               data-thumbnail=\"https:\/\/scinawa.pl\/wp-content\/gallery\/2017-10-23-wspominali-ks-jerzego-popieluszke\/thumbs\/thumbs_DSC_0076.jpg\"\n               data-image-id=\"6805\"\n               data-title=\"DSC_0076\"\n               data-description=\"\"\n               data-image-slug=\"dsc_0076-16\"\n               class=\"ngg-fancybox\" rel=\"dc394e52f3bd41308d815fb8a1bc5253\">\n                <img\n                    title=\"DSC_0076\"\n                    alt=\"DSC_0076\"\n                    src=\"https:\/\/scinawa.pl\/wp-content\/gallery\/2017-10-23-wspominali-ks-jerzego-popieluszke\/thumbs\/thumbs_DSC_0076.jpg\"\n                    width=\"200\"\n                    height=\"140\"\n                    style=\"max-width:100%;\"\n                \/>\n            <\/a>\n        <\/div>\n\t\t\t\t\t\t\t<\/div> \n\t\t\t\n\t\t\t\t<div id=\"ngg-image-76\" class=\"ngg-gallery-thumbnail-box \" >\n\t\t\t\t        <div class=\"ngg-gallery-thumbnail\">\n            <a href=\"https:\/\/scinawa.pl\/wp-content\/gallery\/2017-10-23-wspominali-ks-jerzego-popieluszke\/DSC_0077.jpg\"\n               title=\"\"\n               data-src=\"https:\/\/scinawa.pl\/wp-content\/gallery\/2017-10-23-wspominali-ks-jerzego-popieluszke\/DSC_0077.jpg\"\n               data-thumbnail=\"https:\/\/scinawa.pl\/wp-content\/gallery\/2017-10-23-wspominali-ks-jerzego-popieluszke\/thumbs\/thumbs_DSC_0077.jpg\"\n               data-image-id=\"6806\"\n               data-title=\"DSC_0077\"\n               data-description=\"\"\n               data-image-slug=\"dsc_0077-18\"\n               class=\"ngg-fancybox\" rel=\"dc394e52f3bd41308d815fb8a1bc5253\">\n                <img\n                    title=\"DSC_0077\"\n                    alt=\"DSC_0077\"\n                    src=\"https:\/\/scinawa.pl\/wp-content\/gallery\/2017-10-23-wspominali-ks-jerzego-popieluszke\/thumbs\/thumbs_DSC_0077.jpg\"\n                    width=\"200\"\n                    height=\"140\"\n                    style=\"max-width:100%;\"\n                \/>\n            <\/a>\n        <\/div>\n\t\t\t\t\t\t\t<\/div> \n\t\t\t\n\t\t\t\t<div id=\"ngg-image-77\" class=\"ngg-gallery-thumbnail-box \" >\n\t\t\t\t        <div class=\"ngg-gallery-thumbnail\">\n            <a href=\"https:\/\/scinawa.pl\/wp-content\/gallery\/2017-10-23-wspominali-ks-jerzego-popieluszke\/DSC_0078.jpg\"\n               title=\"\"\n               data-src=\"https:\/\/scinawa.pl\/wp-content\/gallery\/2017-10-23-wspominali-ks-jerzego-popieluszke\/DSC_0078.jpg\"\n               data-thumbnail=\"https:\/\/scinawa.pl\/wp-content\/gallery\/2017-10-23-wspominali-ks-jerzego-popieluszke\/thumbs\/thumbs_DSC_0078.jpg\"\n               data-image-id=\"6807\"\n               data-title=\"DSC_0078\"\n               data-description=\"\"\n               data-image-slug=\"dsc_0078-18\"\n               class=\"ngg-fancybox\" rel=\"dc394e52f3bd41308d815fb8a1bc5253\">\n                <img\n                    title=\"DSC_0078\"\n                    alt=\"DSC_0078\"\n                    src=\"https:\/\/scinawa.pl\/wp-content\/gallery\/2017-10-23-wspominali-ks-jerzego-popieluszke\/thumbs\/thumbs_DSC_0078.jpg\"\n                    width=\"200\"\n                    height=\"140\"\n                    style=\"max-width:100%;\"\n                \/>\n            <\/a>\n        <\/div>\n\t\t\t\t\t\t\t<\/div> \n\t\t\t\n\t\t\t\t<div id=\"ngg-image-78\" class=\"ngg-gallery-thumbnail-box \" >\n\t\t\t\t        <div class=\"ngg-gallery-thumbnail\">\n            <a href=\"https:\/\/scinawa.pl\/wp-content\/gallery\/2017-10-23-wspominali-ks-jerzego-popieluszke\/DSC_0079.jpg\"\n               title=\"\"\n               data-src=\"https:\/\/scinawa.pl\/wp-content\/gallery\/2017-10-23-wspominali-ks-jerzego-popieluszke\/DSC_0079.jpg\"\n               data-thumbnail=\"https:\/\/scinawa.pl\/wp-content\/gallery\/2017-10-23-wspominali-ks-jerzego-popieluszke\/thumbs\/thumbs_DSC_0079.jpg\"\n               data-image-id=\"6808\"\n               data-title=\"DSC_0079\"\n               data-description=\"\"\n               data-image-slug=\"dsc_0079-18\"\n               class=\"ngg-fancybox\" rel=\"dc394e52f3bd41308d815fb8a1bc5253\">\n                <img\n                    title=\"DSC_0079\"\n                    alt=\"DSC_0079\"\n                    src=\"https:\/\/scinawa.pl\/wp-content\/gallery\/2017-10-23-wspominali-ks-jerzego-popieluszke\/thumbs\/thumbs_DSC_0079.jpg\"\n                    width=\"200\"\n                    height=\"140\"\n                    style=\"max-width:100%;\"\n                \/>\n            <\/a>\n        <\/div>\n\t\t\t\t\t\t\t<\/div> \n\t\t\t\n\t\t\t\t<div id=\"ngg-image-79\" class=\"ngg-gallery-thumbnail-box \" >\n\t\t\t\t        <div class=\"ngg-gallery-thumbnail\">\n            <a href=\"https:\/\/scinawa.pl\/wp-content\/gallery\/2017-10-23-wspominali-ks-jerzego-popieluszke\/DSC_0080.jpg\"\n               title=\"\"\n               data-src=\"https:\/\/scinawa.pl\/wp-content\/gallery\/2017-10-23-wspominali-ks-jerzego-popieluszke\/DSC_0080.jpg\"\n               data-thumbnail=\"https:\/\/scinawa.pl\/wp-content\/gallery\/2017-10-23-wspominali-ks-jerzego-popieluszke\/thumbs\/thumbs_DSC_0080.jpg\"\n               data-image-id=\"6809\"\n               data-title=\"DSC_0080\"\n               data-description=\"\"\n               data-image-slug=\"dsc_0080-17\"\n               class=\"ngg-fancybox\" rel=\"dc394e52f3bd41308d815fb8a1bc5253\">\n                <img\n                    title=\"DSC_0080\"\n                    alt=\"DSC_0080\"\n                    src=\"https:\/\/scinawa.pl\/wp-content\/gallery\/2017-10-23-wspominali-ks-jerzego-popieluszke\/thumbs\/thumbs_DSC_0080.jpg\"\n                    width=\"200\"\n                    height=\"140\"\n                    style=\"max-width:100%;\"\n                \/>\n            <\/a>\n        <\/div>\n\t\t\t\t\t\t\t<\/div> \n\t\t\t\n\t\t\t\t<div id=\"ngg-image-80\" class=\"ngg-gallery-thumbnail-box \" >\n\t\t\t\t        <div class=\"ngg-gallery-thumbnail\">\n            <a href=\"https:\/\/scinawa.pl\/wp-content\/gallery\/2017-10-23-wspominali-ks-jerzego-popieluszke\/DSC_0081.jpg\"\n               title=\"\"\n               data-src=\"https:\/\/scinawa.pl\/wp-content\/gallery\/2017-10-23-wspominali-ks-jerzego-popieluszke\/DSC_0081.jpg\"\n               data-thumbnail=\"https:\/\/scinawa.pl\/wp-content\/gallery\/2017-10-23-wspominali-ks-jerzego-popieluszke\/thumbs\/thumbs_DSC_0081.jpg\"\n               data-image-id=\"6810\"\n               data-title=\"DSC_0081\"\n               data-description=\"\"\n               data-image-slug=\"dsc_0081-18\"\n               class=\"ngg-fancybox\" rel=\"dc394e52f3bd41308d815fb8a1bc5253\">\n                <img\n                    title=\"DSC_0081\"\n                    alt=\"DSC_0081\"\n                    src=\"https:\/\/scinawa.pl\/wp-content\/gallery\/2017-10-23-wspominali-ks-jerzego-popieluszke\/thumbs\/thumbs_DSC_0081.jpg\"\n                    width=\"200\"\n                    height=\"140\"\n                    style=\"max-width:100%;\"\n                \/>\n            <\/a>\n        <\/div>\n\t\t\t\t\t\t\t<\/div> \n\t\t\t\n\t\t\t\t<div id=\"ngg-image-81\" class=\"ngg-gallery-thumbnail-box \" >\n\t\t\t\t        <div class=\"ngg-gallery-thumbnail\">\n            <a href=\"https:\/\/scinawa.pl\/wp-content\/gallery\/2017-10-23-wspominali-ks-jerzego-popieluszke\/DSC_0082.jpg\"\n               title=\"\"\n               data-src=\"https:\/\/scinawa.pl\/wp-content\/gallery\/2017-10-23-wspominali-ks-jerzego-popieluszke\/DSC_0082.jpg\"\n               data-thumbnail=\"https:\/\/scinawa.pl\/wp-content\/gallery\/2017-10-23-wspominali-ks-jerzego-popieluszke\/thumbs\/thumbs_DSC_0082.jpg\"\n               data-image-id=\"6811\"\n               data-title=\"DSC_0082\"\n               data-description=\"\"\n               data-image-slug=\"dsc_0082-17\"\n               class=\"ngg-fancybox\" rel=\"dc394e52f3bd41308d815fb8a1bc5253\">\n                <img\n                    title=\"DSC_0082\"\n                    alt=\"DSC_0082\"\n                    src=\"https:\/\/scinawa.pl\/wp-content\/gallery\/2017-10-23-wspominali-ks-jerzego-popieluszke\/thumbs\/thumbs_DSC_0082.jpg\"\n                    width=\"200\"\n                    height=\"140\"\n                    style=\"max-width:100%;\"\n                \/>\n            <\/a>\n        <\/div>\n\t\t\t\t\t\t\t<\/div> \n\t\t\t\n\t\t\t\t<div id=\"ngg-image-82\" class=\"ngg-gallery-thumbnail-box \" >\n\t\t\t\t        <div class=\"ngg-gallery-thumbnail\">\n            <a href=\"https:\/\/scinawa.pl\/wp-content\/gallery\/2017-10-23-wspominali-ks-jerzego-popieluszke\/DSC_0083.jpg\"\n               title=\"\"\n               data-src=\"https:\/\/scinawa.pl\/wp-content\/gallery\/2017-10-23-wspominali-ks-jerzego-popieluszke\/DSC_0083.jpg\"\n               data-thumbnail=\"https:\/\/scinawa.pl\/wp-content\/gallery\/2017-10-23-wspominali-ks-jerzego-popieluszke\/thumbs\/thumbs_DSC_0083.jpg\"\n               data-image-id=\"6812\"\n               data-title=\"DSC_0083\"\n               data-description=\"\"\n               data-image-slug=\"dsc_0083-17\"\n               class=\"ngg-fancybox\" rel=\"dc394e52f3bd41308d815fb8a1bc5253\">\n                <img\n                    title=\"DSC_0083\"\n                    alt=\"DSC_0083\"\n                    src=\"https:\/\/scinawa.pl\/wp-content\/gallery\/2017-10-23-wspominali-ks-jerzego-popieluszke\/thumbs\/thumbs_DSC_0083.jpg\"\n                    width=\"200\"\n                    height=\"140\"\n                    style=\"max-width:100%;\"\n                \/>\n            <\/a>\n        <\/div>\n\t\t\t\t\t\t\t<\/div> \n\t\t\t\n\t\t\t\t<div id=\"ngg-image-83\" class=\"ngg-gallery-thumbnail-box \" >\n\t\t\t\t        <div class=\"ngg-gallery-thumbnail\">\n            <a href=\"https:\/\/scinawa.pl\/wp-content\/gallery\/2017-10-23-wspominali-ks-jerzego-popieluszke\/DSC_0084.jpg\"\n               title=\"\"\n               data-src=\"https:\/\/scinawa.pl\/wp-content\/gallery\/2017-10-23-wspominali-ks-jerzego-popieluszke\/DSC_0084.jpg\"\n               data-thumbnail=\"https:\/\/scinawa.pl\/wp-content\/gallery\/2017-10-23-wspominali-ks-jerzego-popieluszke\/thumbs\/thumbs_DSC_0084.jpg\"\n               data-image-id=\"6813\"\n               data-title=\"DSC_0084\"\n               data-description=\"\"\n               data-image-slug=\"dsc_0084-16\"\n               class=\"ngg-fancybox\" rel=\"dc394e52f3bd41308d815fb8a1bc5253\">\n                <img\n                    title=\"DSC_0084\"\n                    alt=\"DSC_0084\"\n                    src=\"https:\/\/scinawa.pl\/wp-content\/gallery\/2017-10-23-wspominali-ks-jerzego-popieluszke\/thumbs\/thumbs_DSC_0084.jpg\"\n                    width=\"200\"\n                    height=\"140\"\n                    style=\"max-width:100%;\"\n                \/>\n            <\/a>\n        <\/div>\n\t\t\t\t\t\t\t<\/div> \n\t\t\t\n\t\t\t\t<div id=\"ngg-image-84\" class=\"ngg-gallery-thumbnail-box \" >\n\t\t\t\t        <div class=\"ngg-gallery-thumbnail\">\n            <a href=\"https:\/\/scinawa.pl\/wp-content\/gallery\/2017-10-23-wspominali-ks-jerzego-popieluszke\/DSC_0085.jpg\"\n               title=\"\"\n               data-src=\"https:\/\/scinawa.pl\/wp-content\/gallery\/2017-10-23-wspominali-ks-jerzego-popieluszke\/DSC_0085.jpg\"\n               data-thumbnail=\"https:\/\/scinawa.pl\/wp-content\/gallery\/2017-10-23-wspominali-ks-jerzego-popieluszke\/thumbs\/thumbs_DSC_0085.jpg\"\n               data-image-id=\"6814\"\n               data-title=\"DSC_0085\"\n               data-description=\"\"\n               data-image-slug=\"dsc_0085-18\"\n               class=\"ngg-fancybox\" rel=\"dc394e52f3bd41308d815fb8a1bc5253\">\n                <img\n                    title=\"DSC_0085\"\n                    alt=\"DSC_0085\"\n                    src=\"https:\/\/scinawa.pl\/wp-content\/gallery\/2017-10-23-wspominali-ks-jerzego-popieluszke\/thumbs\/thumbs_DSC_0085.jpg\"\n                    width=\"200\"\n                    height=\"140\"\n                    style=\"max-width:100%;\"\n                \/>\n            <\/a>\n        <\/div>\n\t\t\t\t\t\t\t<\/div> \n\t\t\t\n\t\t\t\t<div id=\"ngg-image-85\" class=\"ngg-gallery-thumbnail-box \" >\n\t\t\t\t        <div class=\"ngg-gallery-thumbnail\">\n            <a href=\"https:\/\/scinawa.pl\/wp-content\/gallery\/2017-10-23-wspominali-ks-jerzego-popieluszke\/DSC_0086.jpg\"\n               title=\"\"\n               data-src=\"https:\/\/scinawa.pl\/wp-content\/gallery\/2017-10-23-wspominali-ks-jerzego-popieluszke\/DSC_0086.jpg\"\n               data-thumbnail=\"https:\/\/scinawa.pl\/wp-content\/gallery\/2017-10-23-wspominali-ks-jerzego-popieluszke\/thumbs\/thumbs_DSC_0086.jpg\"\n               data-image-id=\"6815\"\n               data-title=\"DSC_0086\"\n               data-description=\"\"\n               data-image-slug=\"dsc_0086-17\"\n               class=\"ngg-fancybox\" rel=\"dc394e52f3bd41308d815fb8a1bc5253\">\n                <img\n                    title=\"DSC_0086\"\n                    alt=\"DSC_0086\"\n                    src=\"https:\/\/scinawa.pl\/wp-content\/gallery\/2017-10-23-wspominali-ks-jerzego-popieluszke\/thumbs\/thumbs_DSC_0086.jpg\"\n                    width=\"200\"\n                    height=\"140\"\n                    style=\"max-width:100%;\"\n                \/>\n            <\/a>\n        <\/div>\n\t\t\t\t\t\t\t<\/div> \n\t\t\t\n\t\t\t\t<div id=\"ngg-image-86\" class=\"ngg-gallery-thumbnail-box \" >\n\t\t\t\t        <div class=\"ngg-gallery-thumbnail\">\n            <a href=\"https:\/\/scinawa.pl\/wp-content\/gallery\/2017-10-23-wspominali-ks-jerzego-popieluszke\/DSC_0087.jpg\"\n               title=\"\"\n               data-src=\"https:\/\/scinawa.pl\/wp-content\/gallery\/2017-10-23-wspominali-ks-jerzego-popieluszke\/DSC_0087.jpg\"\n               data-thumbnail=\"https:\/\/scinawa.pl\/wp-content\/gallery\/2017-10-23-wspominali-ks-jerzego-popieluszke\/thumbs\/thumbs_DSC_0087.jpg\"\n               data-image-id=\"6816\"\n               data-title=\"DSC_0087\"\n               data-description=\"\"\n               data-image-slug=\"dsc_0087-17\"\n               class=\"ngg-fancybox\" rel=\"dc394e52f3bd41308d815fb8a1bc5253\">\n                <img\n                    title=\"DSC_0087\"\n                    alt=\"DSC_0087\"\n                    src=\"https:\/\/scinawa.pl\/wp-content\/gallery\/2017-10-23-wspominali-ks-jerzego-popieluszke\/thumbs\/thumbs_DSC_0087.jpg\"\n                    width=\"200\"\n                    height=\"140\"\n                    style=\"max-width:100%;\"\n                \/>\n            <\/a>\n        <\/div>\n\t\t\t\t\t\t\t<\/div> \n\t\t\t\n\t\t\t\t<div id=\"ngg-image-87\" class=\"ngg-gallery-thumbnail-box \" >\n\t\t\t\t        <div class=\"ngg-gallery-thumbnail\">\n            <a href=\"https:\/\/scinawa.pl\/wp-content\/gallery\/2017-10-23-wspominali-ks-jerzego-popieluszke\/DSC_0088.jpg\"\n               title=\"\"\n               data-src=\"https:\/\/scinawa.pl\/wp-content\/gallery\/2017-10-23-wspominali-ks-jerzego-popieluszke\/DSC_0088.jpg\"\n               data-thumbnail=\"https:\/\/scinawa.pl\/wp-content\/gallery\/2017-10-23-wspominali-ks-jerzego-popieluszke\/thumbs\/thumbs_DSC_0088.jpg\"\n               data-image-id=\"6817\"\n               data-title=\"DSC_0088\"\n               data-description=\"\"\n               data-image-slug=\"dsc_0088-17\"\n               class=\"ngg-fancybox\" rel=\"dc394e52f3bd41308d815fb8a1bc5253\">\n                <img\n                    title=\"DSC_0088\"\n                    alt=\"DSC_0088\"\n                    src=\"https:\/\/scinawa.pl\/wp-content\/gallery\/2017-10-23-wspominali-ks-jerzego-popieluszke\/thumbs\/thumbs_DSC_0088.jpg\"\n                    width=\"200\"\n                    height=\"140\"\n                    style=\"max-width:100%;\"\n                \/>\n            <\/a>\n        <\/div>\n\t\t\t\t\t\t\t<\/div> \n\t\t\t\n\t\t\t\t<div id=\"ngg-image-88\" class=\"ngg-gallery-thumbnail-box \" >\n\t\t\t\t        <div class=\"ngg-gallery-thumbnail\">\n            <a href=\"https:\/\/scinawa.pl\/wp-content\/gallery\/2017-10-23-wspominali-ks-jerzego-popieluszke\/DSC_0089.jpg\"\n               title=\"\"\n               data-src=\"https:\/\/scinawa.pl\/wp-content\/gallery\/2017-10-23-wspominali-ks-jerzego-popieluszke\/DSC_0089.jpg\"\n               data-thumbnail=\"https:\/\/scinawa.pl\/wp-content\/gallery\/2017-10-23-wspominali-ks-jerzego-popieluszke\/thumbs\/thumbs_DSC_0089.jpg\"\n               data-image-id=\"6818\"\n               data-title=\"DSC_0089\"\n               data-description=\"\"\n               data-image-slug=\"dsc_0089-17\"\n               class=\"ngg-fancybox\" rel=\"dc394e52f3bd41308d815fb8a1bc5253\">\n                <img\n                    title=\"DSC_0089\"\n                    alt=\"DSC_0089\"\n                    src=\"https:\/\/scinawa.pl\/wp-content\/gallery\/2017-10-23-wspominali-ks-jerzego-popieluszke\/thumbs\/thumbs_DSC_0089.jpg\"\n                    width=\"200\"\n                    height=\"140\"\n                    style=\"max-width:100%;\"\n                \/>\n            <\/a>\n        <\/div>\n\t\t\t\t\t\t\t<\/div> \n\t\t\t\n\t\t\t\t<div id=\"ngg-image-89\" class=\"ngg-gallery-thumbnail-box \" >\n\t\t\t\t        <div class=\"ngg-gallery-thumbnail\">\n            <a href=\"https:\/\/scinawa.pl\/wp-content\/gallery\/2017-10-23-wspominali-ks-jerzego-popieluszke\/DSC_0090.jpg\"\n               title=\"\"\n               data-src=\"https:\/\/scinawa.pl\/wp-content\/gallery\/2017-10-23-wspominali-ks-jerzego-popieluszke\/DSC_0090.jpg\"\n               data-thumbnail=\"https:\/\/scinawa.pl\/wp-content\/gallery\/2017-10-23-wspominali-ks-jerzego-popieluszke\/thumbs\/thumbs_DSC_0090.jpg\"\n               data-image-id=\"6819\"\n               data-title=\"DSC_0090\"\n               data-description=\"\"\n               data-image-slug=\"dsc_0090-17\"\n               class=\"ngg-fancybox\" rel=\"dc394e52f3bd41308d815fb8a1bc5253\">\n                <img\n                    title=\"DSC_0090\"\n                    alt=\"DSC_0090\"\n                    src=\"https:\/\/scinawa.pl\/wp-content\/gallery\/2017-10-23-wspominali-ks-jerzego-popieluszke\/thumbs\/thumbs_DSC_0090.jpg\"\n                    width=\"200\"\n                    height=\"140\"\n                    style=\"max-width:100%;\"\n                \/>\n            <\/a>\n        <\/div>\n\t\t\t\t\t\t\t<\/div> \n\t\t\t\n\t\t\t\t<div id=\"ngg-image-90\" class=\"ngg-gallery-thumbnail-box \" >\n\t\t\t\t        <div class=\"ngg-gallery-thumbnail\">\n            <a href=\"https:\/\/scinawa.pl\/wp-content\/gallery\/2017-10-23-wspominali-ks-jerzego-popieluszke\/DSC_0091.jpg\"\n               title=\"\"\n               data-src=\"https:\/\/scinawa.pl\/wp-content\/gallery\/2017-10-23-wspominali-ks-jerzego-popieluszke\/DSC_0091.jpg\"\n               data-thumbnail=\"https:\/\/scinawa.pl\/wp-content\/gallery\/2017-10-23-wspominali-ks-jerzego-popieluszke\/thumbs\/thumbs_DSC_0091.jpg\"\n               data-image-id=\"6820\"\n               data-title=\"DSC_0091\"\n               data-description=\"\"\n               data-image-slug=\"dsc_0091-16\"\n               class=\"ngg-fancybox\" rel=\"dc394e52f3bd41308d815fb8a1bc5253\">\n                <img\n                    title=\"DSC_0091\"\n                    alt=\"DSC_0091\"\n                    src=\"https:\/\/scinawa.pl\/wp-content\/gallery\/2017-10-23-wspominali-ks-jerzego-popieluszke\/thumbs\/thumbs_DSC_0091.jpg\"\n                    width=\"200\"\n                    height=\"140\"\n                    style=\"max-width:100%;\"\n                \/>\n            <\/a>\n        <\/div>\n\t\t\t\t\t\t\t<\/div> \n\t\t\t\n\t\t\t\t<div id=\"ngg-image-91\" class=\"ngg-gallery-thumbnail-box \" >\n\t\t\t\t        <div class=\"ngg-gallery-thumbnail\">\n            <a href=\"https:\/\/scinawa.pl\/wp-content\/gallery\/2017-10-23-wspominali-ks-jerzego-popieluszke\/DSC_0092.jpg\"\n               title=\"\"\n               data-src=\"https:\/\/scinawa.pl\/wp-content\/gallery\/2017-10-23-wspominali-ks-jerzego-popieluszke\/DSC_0092.jpg\"\n               data-thumbnail=\"https:\/\/scinawa.pl\/wp-content\/gallery\/2017-10-23-wspominali-ks-jerzego-popieluszke\/thumbs\/thumbs_DSC_0092.jpg\"\n               data-image-id=\"6821\"\n               data-title=\"DSC_0092\"\n               data-description=\"\"\n               data-image-slug=\"dsc_0092-17\"\n               class=\"ngg-fancybox\" rel=\"dc394e52f3bd41308d815fb8a1bc5253\">\n                <img\n                    title=\"DSC_0092\"\n                    alt=\"DSC_0092\"\n                    src=\"https:\/\/scinawa.pl\/wp-content\/gallery\/2017-10-23-wspominali-ks-jerzego-popieluszke\/thumbs\/thumbs_DSC_0092.jpg\"\n                    width=\"200\"\n                    height=\"140\"\n                    style=\"max-width:100%;\"\n                \/>\n            <\/a>\n        <\/div>\n\t\t\t\t\t\t\t<\/div> \n\t\t\t\n\t\t\t\t<div id=\"ngg-image-92\" class=\"ngg-gallery-thumbnail-box \" >\n\t\t\t\t        <div class=\"ngg-gallery-thumbnail\">\n            <a href=\"https:\/\/scinawa.pl\/wp-content\/gallery\/2017-10-23-wspominali-ks-jerzego-popieluszke\/DSC_0093.jpg\"\n               title=\"\"\n               data-src=\"https:\/\/scinawa.pl\/wp-content\/gallery\/2017-10-23-wspominali-ks-jerzego-popieluszke\/DSC_0093.jpg\"\n               data-thumbnail=\"https:\/\/scinawa.pl\/wp-content\/gallery\/2017-10-23-wspominali-ks-jerzego-popieluszke\/thumbs\/thumbs_DSC_0093.jpg\"\n               data-image-id=\"6822\"\n               data-title=\"DSC_0093\"\n               data-description=\"\"\n               data-image-slug=\"dsc_0093-17\"\n               class=\"ngg-fancybox\" rel=\"dc394e52f3bd41308d815fb8a1bc5253\">\n                <img\n                    title=\"DSC_0093\"\n                    alt=\"DSC_0093\"\n                    src=\"https:\/\/scinawa.pl\/wp-content\/gallery\/2017-10-23-wspominali-ks-jerzego-popieluszke\/thumbs\/thumbs_DSC_0093.jpg\"\n                    width=\"200\"\n                    height=\"140\"\n                    style=\"max-width:100%;\"\n                \/>\n            <\/a>\n        <\/div>\n\t\t\t\t\t\t\t<\/div> \n\t\t\t\n\t\t\t\t<div id=\"ngg-image-93\" class=\"ngg-gallery-thumbnail-box \" >\n\t\t\t\t        <div class=\"ngg-gallery-thumbnail\">\n            <a href=\"https:\/\/scinawa.pl\/wp-content\/gallery\/2017-10-23-wspominali-ks-jerzego-popieluszke\/DSC_0094.jpg\"\n               title=\"\"\n               data-src=\"https:\/\/scinawa.pl\/wp-content\/gallery\/2017-10-23-wspominali-ks-jerzego-popieluszke\/DSC_0094.jpg\"\n               data-thumbnail=\"https:\/\/scinawa.pl\/wp-content\/gallery\/2017-10-23-wspominali-ks-jerzego-popieluszke\/thumbs\/thumbs_DSC_0094.jpg\"\n               data-image-id=\"6823\"\n               data-title=\"DSC_0094\"\n               data-description=\"\"\n               data-image-slug=\"dsc_0094-17\"\n               class=\"ngg-fancybox\" rel=\"dc394e52f3bd41308d815fb8a1bc5253\">\n                <img\n                    title=\"DSC_0094\"\n                    alt=\"DSC_0094\"\n                    src=\"https:\/\/scinawa.pl\/wp-content\/gallery\/2017-10-23-wspominali-ks-jerzego-popieluszke\/thumbs\/thumbs_DSC_0094.jpg\"\n                    width=\"200\"\n                    height=\"140\"\n                    style=\"max-width:100%;\"\n                \/>\n            <\/a>\n        <\/div>\n\t\t\t\t\t\t\t<\/div> \n\t\t\t\n\t\t\t\t<div id=\"ngg-image-94\" class=\"ngg-gallery-thumbnail-box \" >\n\t\t\t\t        <div class=\"ngg-gallery-thumbnail\">\n            <a href=\"https:\/\/scinawa.pl\/wp-content\/gallery\/2017-10-23-wspominali-ks-jerzego-popieluszke\/DSC_0095.jpg\"\n               title=\"\"\n               data-src=\"https:\/\/scinawa.pl\/wp-content\/gallery\/2017-10-23-wspominali-ks-jerzego-popieluszke\/DSC_0095.jpg\"\n               data-thumbnail=\"https:\/\/scinawa.pl\/wp-content\/gallery\/2017-10-23-wspominali-ks-jerzego-popieluszke\/thumbs\/thumbs_DSC_0095.jpg\"\n               data-image-id=\"6824\"\n               data-title=\"DSC_0095\"\n               data-description=\"\"\n               data-image-slug=\"dsc_0095-16\"\n               class=\"ngg-fancybox\" rel=\"dc394e52f3bd41308d815fb8a1bc5253\">\n                <img\n                    title=\"DSC_0095\"\n                    alt=\"DSC_0095\"\n                    src=\"https:\/\/scinawa.pl\/wp-content\/gallery\/2017-10-23-wspominali-ks-jerzego-popieluszke\/thumbs\/thumbs_DSC_0095.jpg\"\n                    width=\"200\"\n                    height=\"140\"\n                    style=\"max-width:100%;\"\n                \/>\n            <\/a>\n        <\/div>\n\t\t\t\t\t\t\t<\/div> \n\t\t\t\n\t\t\t\t<div id=\"ngg-image-95\" class=\"ngg-gallery-thumbnail-box \" >\n\t\t\t\t        <div class=\"ngg-gallery-thumbnail\">\n            <a href=\"https:\/\/scinawa.pl\/wp-content\/gallery\/2017-10-23-wspominali-ks-jerzego-popieluszke\/DSC_0096.jpg\"\n               title=\"\"\n               data-src=\"https:\/\/scinawa.pl\/wp-content\/gallery\/2017-10-23-wspominali-ks-jerzego-popieluszke\/DSC_0096.jpg\"\n               data-thumbnail=\"https:\/\/scinawa.pl\/wp-content\/gallery\/2017-10-23-wspominali-ks-jerzego-popieluszke\/thumbs\/thumbs_DSC_0096.jpg\"\n               data-image-id=\"6825\"\n               data-title=\"DSC_0096\"\n               data-description=\"\"\n               data-image-slug=\"dsc_0096-16\"\n               class=\"ngg-fancybox\" rel=\"dc394e52f3bd41308d815fb8a1bc5253\">\n                <img\n                    title=\"DSC_0096\"\n                    alt=\"DSC_0096\"\n                    src=\"https:\/\/scinawa.pl\/wp-content\/gallery\/2017-10-23-wspominali-ks-jerzego-popieluszke\/thumbs\/thumbs_DSC_0096.jpg\"\n                    width=\"200\"\n                    height=\"140\"\n                    style=\"max-width:100%;\"\n                \/>\n            <\/a>\n        <\/div>\n\t\t\t\t\t\t\t<\/div> \n\t\t\t\n\t\t\t\t<div id=\"ngg-image-96\" class=\"ngg-gallery-thumbnail-box \" >\n\t\t\t\t        <div class=\"ngg-gallery-thumbnail\">\n            <a href=\"https:\/\/scinawa.pl\/wp-content\/gallery\/2017-10-23-wspominali-ks-jerzego-popieluszke\/DSC_0097.jpg\"\n               title=\"\"\n               data-src=\"https:\/\/scinawa.pl\/wp-content\/gallery\/2017-10-23-wspominali-ks-jerzego-popieluszke\/DSC_0097.jpg\"\n               data-thumbnail=\"https:\/\/scinawa.pl\/wp-content\/gallery\/2017-10-23-wspominali-ks-jerzego-popieluszke\/thumbs\/thumbs_DSC_0097.jpg\"\n               data-image-id=\"6826\"\n               data-title=\"DSC_0097\"\n               data-description=\"\"\n               data-image-slug=\"dsc_0097-16\"\n               class=\"ngg-fancybox\" rel=\"dc394e52f3bd41308d815fb8a1bc5253\">\n                <img\n                    title=\"DSC_0097\"\n                    alt=\"DSC_0097\"\n                    src=\"https:\/\/scinawa.pl\/wp-content\/gallery\/2017-10-23-wspominali-ks-jerzego-popieluszke\/thumbs\/thumbs_DSC_0097.jpg\"\n                    width=\"200\"\n                    height=\"140\"\n                    style=\"max-width:100%;\"\n                \/>\n            <\/a>\n        <\/div>\n\t\t\t\t\t\t\t<\/div> \n\t\t\t\n\t\t\t\t<div id=\"ngg-image-97\" class=\"ngg-gallery-thumbnail-box \" >\n\t\t\t\t        <div class=\"ngg-gallery-thumbnail\">\n            <a href=\"https:\/\/scinawa.pl\/wp-content\/gallery\/2017-10-23-wspominali-ks-jerzego-popieluszke\/DSC_0098.jpg\"\n               title=\"\"\n               data-src=\"https:\/\/scinawa.pl\/wp-content\/gallery\/2017-10-23-wspominali-ks-jerzego-popieluszke\/DSC_0098.jpg\"\n               data-thumbnail=\"https:\/\/scinawa.pl\/wp-content\/gallery\/2017-10-23-wspominali-ks-jerzego-popieluszke\/thumbs\/thumbs_DSC_0098.jpg\"\n               data-image-id=\"6827\"\n               data-title=\"DSC_0098\"\n               data-description=\"\"\n               data-image-slug=\"dsc_0098-16\"\n               class=\"ngg-fancybox\" rel=\"dc394e52f3bd41308d815fb8a1bc5253\">\n                <img\n                    title=\"DSC_0098\"\n                    alt=\"DSC_0098\"\n                    src=\"https:\/\/scinawa.pl\/wp-content\/gallery\/2017-10-23-wspominali-ks-jerzego-popieluszke\/thumbs\/thumbs_DSC_0098.jpg\"\n                    width=\"200\"\n                    height=\"140\"\n                    style=\"max-width:100%;\"\n                \/>\n            <\/a>\n        <\/div>\n\t\t\t\t\t\t\t<\/div> \n\t\t\t\n\t\t\t\t<div id=\"ngg-image-98\" class=\"ngg-gallery-thumbnail-box \" >\n\t\t\t\t        <div class=\"ngg-gallery-thumbnail\">\n            <a href=\"https:\/\/scinawa.pl\/wp-content\/gallery\/2017-10-23-wspominali-ks-jerzego-popieluszke\/DSC_0099.jpg\"\n               title=\"\"\n               data-src=\"https:\/\/scinawa.pl\/wp-content\/gallery\/2017-10-23-wspominali-ks-jerzego-popieluszke\/DSC_0099.jpg\"\n               data-thumbnail=\"https:\/\/scinawa.pl\/wp-content\/gallery\/2017-10-23-wspominali-ks-jerzego-popieluszke\/thumbs\/thumbs_DSC_0099.jpg\"\n               data-image-id=\"6828\"\n               data-title=\"DSC_0099\"\n               data-description=\"\"\n               data-image-slug=\"dsc_0099-14\"\n               class=\"ngg-fancybox\" rel=\"dc394e52f3bd41308d815fb8a1bc5253\">\n                <img\n                    title=\"DSC_0099\"\n                    alt=\"DSC_0099\"\n                    src=\"https:\/\/scinawa.pl\/wp-content\/gallery\/2017-10-23-wspominali-ks-jerzego-popieluszke\/thumbs\/thumbs_DSC_0099.jpg\"\n                    width=\"200\"\n                    height=\"140\"\n                    style=\"max-width:100%;\"\n                \/>\n            <\/a>\n        <\/div>\n\t\t\t\t\t\t\t<\/div> \n\t\t\t\n\t\t\t\t<div id=\"ngg-image-99\" class=\"ngg-gallery-thumbnail-box \" >\n\t\t\t\t        <div class=\"ngg-gallery-thumbnail\">\n            <a href=\"https:\/\/scinawa.pl\/wp-content\/gallery\/2017-10-23-wspominali-ks-jerzego-popieluszke\/DSC_0100.jpg\"\n               title=\"\"\n               data-src=\"https:\/\/scinawa.pl\/wp-content\/gallery\/2017-10-23-wspominali-ks-jerzego-popieluszke\/DSC_0100.jpg\"\n               data-thumbnail=\"https:\/\/scinawa.pl\/wp-content\/gallery\/2017-10-23-wspominali-ks-jerzego-popieluszke\/thumbs\/thumbs_DSC_0100.jpg\"\n               data-image-id=\"6829\"\n               data-title=\"DSC_0100\"\n               data-description=\"\"\n               data-image-slug=\"dsc_0100-15\"\n               class=\"ngg-fancybox\" rel=\"dc394e52f3bd41308d815fb8a1bc5253\">\n                <img\n                    title=\"DSC_0100\"\n                    alt=\"DSC_0100\"\n                    src=\"https:\/\/scinawa.pl\/wp-content\/gallery\/2017-10-23-wspominali-ks-jerzego-popieluszke\/thumbs\/thumbs_DSC_0100.jpg\"\n                    width=\"200\"\n                    height=\"140\"\n                    style=\"max-width:100%;\"\n                \/>\n            <\/a>\n        <\/div>\n\t\t\t\t\t\t\t<\/div> \n\t\t\t\n\t\t\t\t<div id=\"ngg-image-100\" class=\"ngg-gallery-thumbnail-box \" >\n\t\t\t\t        <div class=\"ngg-gallery-thumbnail\">\n            <a href=\"https:\/\/scinawa.pl\/wp-content\/gallery\/2017-10-23-wspominali-ks-jerzego-popieluszke\/DSC_0101.jpg\"\n               title=\"\"\n               data-src=\"https:\/\/scinawa.pl\/wp-content\/gallery\/2017-10-23-wspominali-ks-jerzego-popieluszke\/DSC_0101.jpg\"\n               data-thumbnail=\"https:\/\/scinawa.pl\/wp-content\/gallery\/2017-10-23-wspominali-ks-jerzego-popieluszke\/thumbs\/thumbs_DSC_0101.jpg\"\n               data-image-id=\"6830\"\n               data-title=\"DSC_0101\"\n               data-description=\"\"\n               data-image-slug=\"dsc_0101-17\"\n               class=\"ngg-fancybox\" rel=\"dc394e52f3bd41308d815fb8a1bc5253\">\n                <img\n                    title=\"DSC_0101\"\n                    alt=\"DSC_0101\"\n                    src=\"https:\/\/scinawa.pl\/wp-content\/gallery\/2017-10-23-wspominali-ks-jerzego-popieluszke\/thumbs\/thumbs_DSC_0101.jpg\"\n                    width=\"200\"\n                    height=\"140\"\n                    style=\"max-width:100%;\"\n                \/>\n            <\/a>\n        <\/div>\n\t\t\t\t\t\t\t<\/div> \n\t\t\t\n\t\t\t\t<div id=\"ngg-image-101\" class=\"ngg-gallery-thumbnail-box \" >\n\t\t\t\t        <div class=\"ngg-gallery-thumbnail\">\n            <a href=\"https:\/\/scinawa.pl\/wp-content\/gallery\/2017-10-23-wspominali-ks-jerzego-popieluszke\/DSC_0102.jpg\"\n               title=\"\"\n               data-src=\"https:\/\/scinawa.pl\/wp-content\/gallery\/2017-10-23-wspominali-ks-jerzego-popieluszke\/DSC_0102.jpg\"\n               data-thumbnail=\"https:\/\/scinawa.pl\/wp-content\/gallery\/2017-10-23-wspominali-ks-jerzego-popieluszke\/thumbs\/thumbs_DSC_0102.jpg\"\n               data-image-id=\"6831\"\n               data-title=\"DSC_0102\"\n               data-description=\"\"\n               data-image-slug=\"dsc_0102-18\"\n               class=\"ngg-fancybox\" rel=\"dc394e52f3bd41308d815fb8a1bc5253\">\n                <img\n                    title=\"DSC_0102\"\n                    alt=\"DSC_0102\"\n                    src=\"https:\/\/scinawa.pl\/wp-content\/gallery\/2017-10-23-wspominali-ks-jerzego-popieluszke\/thumbs\/thumbs_DSC_0102.jpg\"\n                    width=\"200\"\n                    height=\"140\"\n                    style=\"max-width:100%;\"\n                \/>\n            <\/a>\n        <\/div>\n\t\t\t\t\t\t\t<\/div> \n\t\t\t\n\t\t\t\t<div id=\"ngg-image-102\" class=\"ngg-gallery-thumbnail-box \" >\n\t\t\t\t        <div class=\"ngg-gallery-thumbnail\">\n            <a href=\"https:\/\/scinawa.pl\/wp-content\/gallery\/2017-10-23-wspominali-ks-jerzego-popieluszke\/DSC_0103.jpg\"\n               title=\"\"\n               data-src=\"https:\/\/scinawa.pl\/wp-content\/gallery\/2017-10-23-wspominali-ks-jerzego-popieluszke\/DSC_0103.jpg\"\n               data-thumbnail=\"https:\/\/scinawa.pl\/wp-content\/gallery\/2017-10-23-wspominali-ks-jerzego-popieluszke\/thumbs\/thumbs_DSC_0103.jpg\"\n               data-image-id=\"6832\"\n               data-title=\"DSC_0103\"\n               data-description=\"\"\n               data-image-slug=\"dsc_0103-17\"\n               class=\"ngg-fancybox\" rel=\"dc394e52f3bd41308d815fb8a1bc5253\">\n                <img\n                    title=\"DSC_0103\"\n                    alt=\"DSC_0103\"\n                    src=\"https:\/\/scinawa.pl\/wp-content\/gallery\/2017-10-23-wspominali-ks-jerzego-popieluszke\/thumbs\/thumbs_DSC_0103.jpg\"\n                    width=\"200\"\n                    height=\"140\"\n                    style=\"max-width:100%;\"\n                \/>\n            <\/a>\n        <\/div>\n\t\t\t\t\t\t\t<\/div> \n\t\t\t\n\t\t\t\t<div id=\"ngg-image-103\" class=\"ngg-gallery-thumbnail-box \" >\n\t\t\t\t        <div class=\"ngg-gallery-thumbnail\">\n            <a href=\"https:\/\/scinawa.pl\/wp-content\/gallery\/2017-10-23-wspominali-ks-jerzego-popieluszke\/DSC_0104.jpg\"\n               title=\"\"\n               data-src=\"https:\/\/scinawa.pl\/wp-content\/gallery\/2017-10-23-wspominali-ks-jerzego-popieluszke\/DSC_0104.jpg\"\n               data-thumbnail=\"https:\/\/scinawa.pl\/wp-content\/gallery\/2017-10-23-wspominali-ks-jerzego-popieluszke\/thumbs\/thumbs_DSC_0104.jpg\"\n               data-image-id=\"6833\"\n               data-title=\"DSC_0104\"\n               data-description=\"\"\n               data-image-slug=\"dsc_0104-16\"\n               class=\"ngg-fancybox\" rel=\"dc394e52f3bd41308d815fb8a1bc5253\">\n                <img\n                    title=\"DSC_0104\"\n                    alt=\"DSC_0104\"\n                    src=\"https:\/\/scinawa.pl\/wp-content\/gallery\/2017-10-23-wspominali-ks-jerzego-popieluszke\/thumbs\/thumbs_DSC_0104.jpg\"\n                    width=\"200\"\n                    height=\"140\"\n                    style=\"max-width:100%;\"\n                \/>\n            <\/a>\n        <\/div>\n\t\t\t\t\t\t\t<\/div> \n\t\t\t\n\t\t\t\t<div id=\"ngg-image-104\" class=\"ngg-gallery-thumbnail-box \" >\n\t\t\t\t        <div class=\"ngg-gallery-thumbnail\">\n            <a href=\"https:\/\/scinawa.pl\/wp-content\/gallery\/2017-10-23-wspominali-ks-jerzego-popieluszke\/DSC_0105.jpg\"\n               title=\"\"\n               data-src=\"https:\/\/scinawa.pl\/wp-content\/gallery\/2017-10-23-wspominali-ks-jerzego-popieluszke\/DSC_0105.jpg\"\n               data-thumbnail=\"https:\/\/scinawa.pl\/wp-content\/gallery\/2017-10-23-wspominali-ks-jerzego-popieluszke\/thumbs\/thumbs_DSC_0105.jpg\"\n               data-image-id=\"6834\"\n               data-title=\"DSC_0105\"\n               data-description=\"\"\n               data-image-slug=\"dsc_0105-15\"\n               class=\"ngg-fancybox\" rel=\"dc394e52f3bd41308d815fb8a1bc5253\">\n                <img\n                    title=\"DSC_0105\"\n                    alt=\"DSC_0105\"\n                    src=\"https:\/\/scinawa.pl\/wp-content\/gallery\/2017-10-23-wspominali-ks-jerzego-popieluszke\/thumbs\/thumbs_DSC_0105.jpg\"\n                    width=\"200\"\n                    height=\"140\"\n                    style=\"max-width:100%;\"\n                \/>\n            <\/a>\n        <\/div>\n\t\t\t\t\t\t\t<\/div> \n\t\t\t\n\t\t\t\t<div id=\"ngg-image-105\" class=\"ngg-gallery-thumbnail-box \" >\n\t\t\t\t        <div class=\"ngg-gallery-thumbnail\">\n            <a href=\"https:\/\/scinawa.pl\/wp-content\/gallery\/2017-10-23-wspominali-ks-jerzego-popieluszke\/DSC_0106.jpg\"\n               title=\"\"\n               data-src=\"https:\/\/scinawa.pl\/wp-content\/gallery\/2017-10-23-wspominali-ks-jerzego-popieluszke\/DSC_0106.jpg\"\n               data-thumbnail=\"https:\/\/scinawa.pl\/wp-content\/gallery\/2017-10-23-wspominali-ks-jerzego-popieluszke\/thumbs\/thumbs_DSC_0106.jpg\"\n               data-image-id=\"6835\"\n               data-title=\"DSC_0106\"\n               data-description=\"\"\n               data-image-slug=\"dsc_0106-16\"\n               class=\"ngg-fancybox\" rel=\"dc394e52f3bd41308d815fb8a1bc5253\">\n                <img\n                    title=\"DSC_0106\"\n                    alt=\"DSC_0106\"\n                    src=\"https:\/\/scinawa.pl\/wp-content\/gallery\/2017-10-23-wspominali-ks-jerzego-popieluszke\/thumbs\/thumbs_DSC_0106.jpg\"\n                    width=\"200\"\n                    height=\"140\"\n                    style=\"max-width:100%;\"\n                \/>\n            <\/a>\n        <\/div>\n\t\t\t\t\t\t\t<\/div> \n\t\t\t\n\t\t\t\t<div id=\"ngg-image-106\" class=\"ngg-gallery-thumbnail-box \" >\n\t\t\t\t        <div class=\"ngg-gallery-thumbnail\">\n            <a href=\"https:\/\/scinawa.pl\/wp-content\/gallery\/2017-10-23-wspominali-ks-jerzego-popieluszke\/DSC_0107.jpg\"\n               title=\"\"\n               data-src=\"https:\/\/scinawa.pl\/wp-content\/gallery\/2017-10-23-wspominali-ks-jerzego-popieluszke\/DSC_0107.jpg\"\n               data-thumbnail=\"https:\/\/scinawa.pl\/wp-content\/gallery\/2017-10-23-wspominali-ks-jerzego-popieluszke\/thumbs\/thumbs_DSC_0107.jpg\"\n               data-image-id=\"6836\"\n               data-title=\"DSC_0107\"\n               data-description=\"\"\n               data-image-slug=\"dsc_0107-15\"\n               class=\"ngg-fancybox\" rel=\"dc394e52f3bd41308d815fb8a1bc5253\">\n                <img\n                    title=\"DSC_0107\"\n                    alt=\"DSC_0107\"\n                    src=\"https:\/\/scinawa.pl\/wp-content\/gallery\/2017-10-23-wspominali-ks-jerzego-popieluszke\/thumbs\/thumbs_DSC_0107.jpg\"\n                    width=\"200\"\n                    height=\"140\"\n                    style=\"max-width:100%;\"\n                \/>\n            <\/a>\n        <\/div>\n\t\t\t\t\t\t\t<\/div> \n\t\t\t\n\t\t\t\t<div id=\"ngg-image-107\" class=\"ngg-gallery-thumbnail-box \" >\n\t\t\t\t        <div class=\"ngg-gallery-thumbnail\">\n            <a href=\"https:\/\/scinawa.pl\/wp-content\/gallery\/2017-10-23-wspominali-ks-jerzego-popieluszke\/DSC_0108.jpg\"\n               title=\"\"\n               data-src=\"https:\/\/scinawa.pl\/wp-content\/gallery\/2017-10-23-wspominali-ks-jerzego-popieluszke\/DSC_0108.jpg\"\n               data-thumbnail=\"https:\/\/scinawa.pl\/wp-content\/gallery\/2017-10-23-wspominali-ks-jerzego-popieluszke\/thumbs\/thumbs_DSC_0108.jpg\"\n               data-image-id=\"6837\"\n               data-title=\"DSC_0108\"\n               data-description=\"\"\n               data-image-slug=\"dsc_0108-14\"\n               class=\"ngg-fancybox\" rel=\"dc394e52f3bd41308d815fb8a1bc5253\">\n                <img\n                    title=\"DSC_0108\"\n                    alt=\"DSC_0108\"\n                    src=\"https:\/\/scinawa.pl\/wp-content\/gallery\/2017-10-23-wspominali-ks-jerzego-popieluszke\/thumbs\/thumbs_DSC_0108.jpg\"\n                    width=\"200\"\n                    height=\"140\"\n                    style=\"max-width:100%;\"\n                \/>\n            <\/a>\n        <\/div>\n\t\t\t\t\t\t\t<\/div> \n\t\t\t\n\t\t\t\t<div id=\"ngg-image-108\" class=\"ngg-gallery-thumbnail-box \" >\n\t\t\t\t        <div class=\"ngg-gallery-thumbnail\">\n            <a href=\"https:\/\/scinawa.pl\/wp-content\/gallery\/2017-10-23-wspominali-ks-jerzego-popieluszke\/DSC_0109.jpg\"\n               title=\"\"\n               data-src=\"https:\/\/scinawa.pl\/wp-content\/gallery\/2017-10-23-wspominali-ks-jerzego-popieluszke\/DSC_0109.jpg\"\n               data-thumbnail=\"https:\/\/scinawa.pl\/wp-content\/gallery\/2017-10-23-wspominali-ks-jerzego-popieluszke\/thumbs\/thumbs_DSC_0109.jpg\"\n               data-image-id=\"6838\"\n               data-title=\"DSC_0109\"\n               data-description=\"\"\n               data-image-slug=\"dsc_0109-16\"\n               class=\"ngg-fancybox\" rel=\"dc394e52f3bd41308d815fb8a1bc5253\">\n                <img\n                    title=\"DSC_0109\"\n                    alt=\"DSC_0109\"\n                    src=\"https:\/\/scinawa.pl\/wp-content\/gallery\/2017-10-23-wspominali-ks-jerzego-popieluszke\/thumbs\/thumbs_DSC_0109.jpg\"\n                    width=\"200\"\n                    height=\"140\"\n                    style=\"max-width:100%;\"\n                \/>\n            <\/a>\n        <\/div>\n\t\t\t\t\t\t\t<\/div> \n\t\t\t\n\t\t\t\t<div id=\"ngg-image-109\" class=\"ngg-gallery-thumbnail-box \" >\n\t\t\t\t        <div class=\"ngg-gallery-thumbnail\">\n            <a href=\"https:\/\/scinawa.pl\/wp-content\/gallery\/2017-10-23-wspominali-ks-jerzego-popieluszke\/DSC_0110.jpg\"\n               title=\"\"\n               data-src=\"https:\/\/scinawa.pl\/wp-content\/gallery\/2017-10-23-wspominali-ks-jerzego-popieluszke\/DSC_0110.jpg\"\n               data-thumbnail=\"https:\/\/scinawa.pl\/wp-content\/gallery\/2017-10-23-wspominali-ks-jerzego-popieluszke\/thumbs\/thumbs_DSC_0110.jpg\"\n               data-image-id=\"6839\"\n               data-title=\"DSC_0110\"\n               data-description=\"\"\n               data-image-slug=\"dsc_0110-15\"\n               class=\"ngg-fancybox\" rel=\"dc394e52f3bd41308d815fb8a1bc5253\">\n                <img\n                    title=\"DSC_0110\"\n                    alt=\"DSC_0110\"\n                    src=\"https:\/\/scinawa.pl\/wp-content\/gallery\/2017-10-23-wspominali-ks-jerzego-popieluszke\/thumbs\/thumbs_DSC_0110.jpg\"\n                    width=\"200\"\n                    height=\"140\"\n                    style=\"max-width:100%;\"\n                \/>\n            <\/a>\n        <\/div>\n\t\t\t\t\t\t\t<\/div> \n\t\t\t\n\t\t\t\t<div id=\"ngg-image-110\" class=\"ngg-gallery-thumbnail-box \" >\n\t\t\t\t        <div class=\"ngg-gallery-thumbnail\">\n            <a href=\"https:\/\/scinawa.pl\/wp-content\/gallery\/2017-10-23-wspominali-ks-jerzego-popieluszke\/DSC_0111.jpg\"\n               title=\"\"\n               data-src=\"https:\/\/scinawa.pl\/wp-content\/gallery\/2017-10-23-wspominali-ks-jerzego-popieluszke\/DSC_0111.jpg\"\n               data-thumbnail=\"https:\/\/scinawa.pl\/wp-content\/gallery\/2017-10-23-wspominali-ks-jerzego-popieluszke\/thumbs\/thumbs_DSC_0111.jpg\"\n               data-image-id=\"6840\"\n               data-title=\"DSC_0111\"\n               data-description=\"\"\n               data-image-slug=\"dsc_0111-16\"\n               class=\"ngg-fancybox\" rel=\"dc394e52f3bd41308d815fb8a1bc5253\">\n                <img\n                    title=\"DSC_0111\"\n                    alt=\"DSC_0111\"\n                    src=\"https:\/\/scinawa.pl\/wp-content\/gallery\/2017-10-23-wspominali-ks-jerzego-popieluszke\/thumbs\/thumbs_DSC_0111.jpg\"\n                    width=\"200\"\n                    height=\"140\"\n                    style=\"max-width:100%;\"\n                \/>\n            <\/a>\n        <\/div>\n\t\t\t\t\t\t\t<\/div> \n\t\t\t\n\t\t\t\t<div id=\"ngg-image-111\" class=\"ngg-gallery-thumbnail-box \" >\n\t\t\t\t        <div class=\"ngg-gallery-thumbnail\">\n            <a href=\"https:\/\/scinawa.pl\/wp-content\/gallery\/2017-10-23-wspominali-ks-jerzego-popieluszke\/DSC_0112.jpg\"\n               title=\"\"\n               data-src=\"https:\/\/scinawa.pl\/wp-content\/gallery\/2017-10-23-wspominali-ks-jerzego-popieluszke\/DSC_0112.jpg\"\n               data-thumbnail=\"https:\/\/scinawa.pl\/wp-content\/gallery\/2017-10-23-wspominali-ks-jerzego-popieluszke\/thumbs\/thumbs_DSC_0112.jpg\"\n               data-image-id=\"6841\"\n               data-title=\"DSC_0112\"\n               data-description=\"\"\n               data-image-slug=\"dsc_0112-16\"\n               class=\"ngg-fancybox\" rel=\"dc394e52f3bd41308d815fb8a1bc5253\">\n                <img\n                    title=\"DSC_0112\"\n                    alt=\"DSC_0112\"\n                    src=\"https:\/\/scinawa.pl\/wp-content\/gallery\/2017-10-23-wspominali-ks-jerzego-popieluszke\/thumbs\/thumbs_DSC_0112.jpg\"\n                    width=\"200\"\n                    height=\"140\"\n                    style=\"max-width:100%;\"\n                \/>\n            <\/a>\n        <\/div>\n\t\t\t\t\t\t\t<\/div> \n\t\t\t\n\t\t\t\t<div id=\"ngg-image-112\" class=\"ngg-gallery-thumbnail-box \" >\n\t\t\t\t        <div class=\"ngg-gallery-thumbnail\">\n            <a href=\"https:\/\/scinawa.pl\/wp-content\/gallery\/2017-10-23-wspominali-ks-jerzego-popieluszke\/DSC_0113.jpg\"\n               title=\"\"\n               data-src=\"https:\/\/scinawa.pl\/wp-content\/gallery\/2017-10-23-wspominali-ks-jerzego-popieluszke\/DSC_0113.jpg\"\n               data-thumbnail=\"https:\/\/scinawa.pl\/wp-content\/gallery\/2017-10-23-wspominali-ks-jerzego-popieluszke\/thumbs\/thumbs_DSC_0113.jpg\"\n               data-image-id=\"6842\"\n               data-title=\"DSC_0113\"\n               data-description=\"\"\n               data-image-slug=\"dsc_0113-15\"\n               class=\"ngg-fancybox\" rel=\"dc394e52f3bd41308d815fb8a1bc5253\">\n                <img\n                    title=\"DSC_0113\"\n                    alt=\"DSC_0113\"\n                    src=\"https:\/\/scinawa.pl\/wp-content\/gallery\/2017-10-23-wspominali-ks-jerzego-popieluszke\/thumbs\/thumbs_DSC_0113.jpg\"\n                    width=\"200\"\n                    height=\"140\"\n                    style=\"max-width:100%;\"\n                \/>\n            <\/a>\n        <\/div>\n\t\t\t\t\t\t\t<\/div> \n\t\t\t\n\t\t\t\t<div id=\"ngg-image-113\" class=\"ngg-gallery-thumbnail-box \" >\n\t\t\t\t        <div class=\"ngg-gallery-thumbnail\">\n            <a href=\"https:\/\/scinawa.pl\/wp-content\/gallery\/2017-10-23-wspominali-ks-jerzego-popieluszke\/DSC_0114.jpg\"\n               title=\"\"\n               data-src=\"https:\/\/scinawa.pl\/wp-content\/gallery\/2017-10-23-wspominali-ks-jerzego-popieluszke\/DSC_0114.jpg\"\n               data-thumbnail=\"https:\/\/scinawa.pl\/wp-content\/gallery\/2017-10-23-wspominali-ks-jerzego-popieluszke\/thumbs\/thumbs_DSC_0114.jpg\"\n               data-image-id=\"6843\"\n               data-title=\"DSC_0114\"\n               data-description=\"\"\n               data-image-slug=\"dsc_0114-16\"\n               class=\"ngg-fancybox\" rel=\"dc394e52f3bd41308d815fb8a1bc5253\">\n                <img\n                    title=\"DSC_0114\"\n                    alt=\"DSC_0114\"\n                    src=\"https:\/\/scinawa.pl\/wp-content\/gallery\/2017-10-23-wspominali-ks-jerzego-popieluszke\/thumbs\/thumbs_DSC_0114.jpg\"\n                    width=\"200\"\n                    height=\"140\"\n                    style=\"max-width:100%;\"\n                \/>\n            <\/a>\n        <\/div>\n\t\t\t\t\t\t\t<\/div> \n\t\t\t\n\t\t\t\t<div id=\"ngg-image-114\" class=\"ngg-gallery-thumbnail-box \" >\n\t\t\t\t        <div class=\"ngg-gallery-thumbnail\">\n            <a href=\"https:\/\/scinawa.pl\/wp-content\/gallery\/2017-10-23-wspominali-ks-jerzego-popieluszke\/DSC_0115.jpg\"\n               title=\"\"\n               data-src=\"https:\/\/scinawa.pl\/wp-content\/gallery\/2017-10-23-wspominali-ks-jerzego-popieluszke\/DSC_0115.jpg\"\n               data-thumbnail=\"https:\/\/scinawa.pl\/wp-content\/gallery\/2017-10-23-wspominali-ks-jerzego-popieluszke\/thumbs\/thumbs_DSC_0115.jpg\"\n               data-image-id=\"6844\"\n               data-title=\"DSC_0115\"\n               data-description=\"\"\n               data-image-slug=\"dsc_0115-15\"\n               class=\"ngg-fancybox\" rel=\"dc394e52f3bd41308d815fb8a1bc5253\">\n                <img\n                    title=\"DSC_0115\"\n                    alt=\"DSC_0115\"\n                    src=\"https:\/\/scinawa.pl\/wp-content\/gallery\/2017-10-23-wspominali-ks-jerzego-popieluszke\/thumbs\/thumbs_DSC_0115.jpg\"\n                    width=\"200\"\n                    height=\"140\"\n                    style=\"max-width:100%;\"\n                \/>\n            <\/a>\n        <\/div>\n\t\t\t\t\t\t\t<\/div> \n\t\t\t\n\t\t\t\t<div id=\"ngg-image-115\" class=\"ngg-gallery-thumbnail-box \" >\n\t\t\t\t        <div class=\"ngg-gallery-thumbnail\">\n            <a href=\"https:\/\/scinawa.pl\/wp-content\/gallery\/2017-10-23-wspominali-ks-jerzego-popieluszke\/DSC_0116.jpg\"\n               title=\"\"\n               data-src=\"https:\/\/scinawa.pl\/wp-content\/gallery\/2017-10-23-wspominali-ks-jerzego-popieluszke\/DSC_0116.jpg\"\n               data-thumbnail=\"https:\/\/scinawa.pl\/wp-content\/gallery\/2017-10-23-wspominali-ks-jerzego-popieluszke\/thumbs\/thumbs_DSC_0116.jpg\"\n               data-image-id=\"6845\"\n               data-title=\"DSC_0116\"\n               data-description=\"\"\n               data-image-slug=\"dsc_0116-16\"\n               class=\"ngg-fancybox\" rel=\"dc394e52f3bd41308d815fb8a1bc5253\">\n                <img\n                    title=\"DSC_0116\"\n                    alt=\"DSC_0116\"\n                    src=\"https:\/\/scinawa.pl\/wp-content\/gallery\/2017-10-23-wspominali-ks-jerzego-popieluszke\/thumbs\/thumbs_DSC_0116.jpg\"\n                    width=\"200\"\n                    height=\"140\"\n                    style=\"max-width:100%;\"\n                \/>\n            <\/a>\n        <\/div>\n\t\t\t\t\t\t\t<\/div> \n\t\t\t\n\t\t\t\t<div id=\"ngg-image-116\" class=\"ngg-gallery-thumbnail-box \" >\n\t\t\t\t        <div class=\"ngg-gallery-thumbnail\">\n            <a href=\"https:\/\/scinawa.pl\/wp-content\/gallery\/2017-10-23-wspominali-ks-jerzego-popieluszke\/DSC_0117.jpg\"\n               title=\"\"\n               data-src=\"https:\/\/scinawa.pl\/wp-content\/gallery\/2017-10-23-wspominali-ks-jerzego-popieluszke\/DSC_0117.jpg\"\n               data-thumbnail=\"https:\/\/scinawa.pl\/wp-content\/gallery\/2017-10-23-wspominali-ks-jerzego-popieluszke\/thumbs\/thumbs_DSC_0117.jpg\"\n               data-image-id=\"6846\"\n               data-title=\"DSC_0117\"\n               data-description=\"\"\n               data-image-slug=\"dsc_0117-16\"\n               class=\"ngg-fancybox\" rel=\"dc394e52f3bd41308d815fb8a1bc5253\">\n                <img\n                    title=\"DSC_0117\"\n                    alt=\"DSC_0117\"\n                    src=\"https:\/\/scinawa.pl\/wp-content\/gallery\/2017-10-23-wspominali-ks-jerzego-popieluszke\/thumbs\/thumbs_DSC_0117.jpg\"\n                    width=\"200\"\n                    height=\"140\"\n                    style=\"max-width:100%;\"\n                \/>\n            <\/a>\n        <\/div>\n\t\t\t\t\t\t\t<\/div> \n\t\t\t\n\t\t\t\t<div id=\"ngg-image-117\" class=\"ngg-gallery-thumbnail-box \" >\n\t\t\t\t        <div class=\"ngg-gallery-thumbnail\">\n            <a href=\"https:\/\/scinawa.pl\/wp-content\/gallery\/2017-10-23-wspominali-ks-jerzego-popieluszke\/DSC_0118.jpg\"\n               title=\"\"\n               data-src=\"https:\/\/scinawa.pl\/wp-content\/gallery\/2017-10-23-wspominali-ks-jerzego-popieluszke\/DSC_0118.jpg\"\n               data-thumbnail=\"https:\/\/scinawa.pl\/wp-content\/gallery\/2017-10-23-wspominali-ks-jerzego-popieluszke\/thumbs\/thumbs_DSC_0118.jpg\"\n               data-image-id=\"6847\"\n               data-title=\"DSC_0118\"\n               data-description=\"\"\n               data-image-slug=\"dsc_0118-15\"\n               class=\"ngg-fancybox\" rel=\"dc394e52f3bd41308d815fb8a1bc5253\">\n                <img\n                    title=\"DSC_0118\"\n                    alt=\"DSC_0118\"\n                    src=\"https:\/\/scinawa.pl\/wp-content\/gallery\/2017-10-23-wspominali-ks-jerzego-popieluszke\/thumbs\/thumbs_DSC_0118.jpg\"\n                    width=\"200\"\n                    height=\"140\"\n                    style=\"max-width:100%;\"\n                \/>\n            <\/a>\n        <\/div>\n\t\t\t\t\t\t\t<\/div> \n\t\t\t\n\t\t\t\t<div id=\"ngg-image-118\" class=\"ngg-gallery-thumbnail-box \" >\n\t\t\t\t        <div class=\"ngg-gallery-thumbnail\">\n            <a href=\"https:\/\/scinawa.pl\/wp-content\/gallery\/2017-10-23-wspominali-ks-jerzego-popieluszke\/DSC_0119.jpg\"\n               title=\"\"\n               data-src=\"https:\/\/scinawa.pl\/wp-content\/gallery\/2017-10-23-wspominali-ks-jerzego-popieluszke\/DSC_0119.jpg\"\n               data-thumbnail=\"https:\/\/scinawa.pl\/wp-content\/gallery\/2017-10-23-wspominali-ks-jerzego-popieluszke\/thumbs\/thumbs_DSC_0119.jpg\"\n               data-image-id=\"6848\"\n               data-title=\"DSC_0119\"\n               data-description=\"\"\n               data-image-slug=\"dsc_0119-15\"\n               class=\"ngg-fancybox\" rel=\"dc394e52f3bd41308d815fb8a1bc5253\">\n                <img\n                    title=\"DSC_0119\"\n                    alt=\"DSC_0119\"\n                    src=\"https:\/\/scinawa.pl\/wp-content\/gallery\/2017-10-23-wspominali-ks-jerzego-popieluszke\/thumbs\/thumbs_DSC_0119.jpg\"\n                    width=\"200\"\n                    height=\"140\"\n                    style=\"max-width:100%;\"\n                \/>\n            <\/a>\n        <\/div>\n\t\t\t\t\t\t\t<\/div> \n\t\t\t\n\t\t\t\t<div id=\"ngg-image-119\" class=\"ngg-gallery-thumbnail-box \" >\n\t\t\t\t        <div class=\"ngg-gallery-thumbnail\">\n            <a href=\"https:\/\/scinawa.pl\/wp-content\/gallery\/2017-10-23-wspominali-ks-jerzego-popieluszke\/DSC_0120.jpg\"\n               title=\"\"\n               data-src=\"https:\/\/scinawa.pl\/wp-content\/gallery\/2017-10-23-wspominali-ks-jerzego-popieluszke\/DSC_0120.jpg\"\n               data-thumbnail=\"https:\/\/scinawa.pl\/wp-content\/gallery\/2017-10-23-wspominali-ks-jerzego-popieluszke\/thumbs\/thumbs_DSC_0120.jpg\"\n               data-image-id=\"6849\"\n               data-title=\"DSC_0120\"\n               data-description=\"\"\n               data-image-slug=\"dsc_0120-15\"\n               class=\"ngg-fancybox\" rel=\"dc394e52f3bd41308d815fb8a1bc5253\">\n                <img\n                    title=\"DSC_0120\"\n                    alt=\"DSC_0120\"\n                    src=\"https:\/\/scinawa.pl\/wp-content\/gallery\/2017-10-23-wspominali-ks-jerzego-popieluszke\/thumbs\/thumbs_DSC_0120.jpg\"\n                    width=\"200\"\n                    height=\"140\"\n                    style=\"max-width:100%;\"\n                \/>\n            <\/a>\n        <\/div>\n\t\t\t\t\t\t\t<\/div> \n\t\t\t\n\t\t\t\t<div id=\"ngg-image-120\" class=\"ngg-gallery-thumbnail-box \" >\n\t\t\t\t        <div class=\"ngg-gallery-thumbnail\">\n            <a href=\"https:\/\/scinawa.pl\/wp-content\/gallery\/2017-10-23-wspominali-ks-jerzego-popieluszke\/DSC_0121.jpg\"\n               title=\"\"\n               data-src=\"https:\/\/scinawa.pl\/wp-content\/gallery\/2017-10-23-wspominali-ks-jerzego-popieluszke\/DSC_0121.jpg\"\n               data-thumbnail=\"https:\/\/scinawa.pl\/wp-content\/gallery\/2017-10-23-wspominali-ks-jerzego-popieluszke\/thumbs\/thumbs_DSC_0121.jpg\"\n               data-image-id=\"6850\"\n               data-title=\"DSC_0121\"\n               data-description=\"\"\n               data-image-slug=\"dsc_0121-15\"\n               class=\"ngg-fancybox\" rel=\"dc394e52f3bd41308d815fb8a1bc5253\">\n                <img\n                    title=\"DSC_0121\"\n                    alt=\"DSC_0121\"\n                    src=\"https:\/\/scinawa.pl\/wp-content\/gallery\/2017-10-23-wspominali-ks-jerzego-popieluszke\/thumbs\/thumbs_DSC_0121.jpg\"\n                    width=\"200\"\n                    height=\"140\"\n                    style=\"max-width:100%;\"\n                \/>\n            <\/a>\n        <\/div>\n\t\t\t\t\t\t\t<\/div> \n\t\t\t\n\t\t\t\t<div id=\"ngg-image-121\" class=\"ngg-gallery-thumbnail-box \" >\n\t\t\t\t        <div class=\"ngg-gallery-thumbnail\">\n            <a href=\"https:\/\/scinawa.pl\/wp-content\/gallery\/2017-10-23-wspominali-ks-jerzego-popieluszke\/DSC_0122.jpg\"\n               title=\"\"\n               data-src=\"https:\/\/scinawa.pl\/wp-content\/gallery\/2017-10-23-wspominali-ks-jerzego-popieluszke\/DSC_0122.jpg\"\n               data-thumbnail=\"https:\/\/scinawa.pl\/wp-content\/gallery\/2017-10-23-wspominali-ks-jerzego-popieluszke\/thumbs\/thumbs_DSC_0122.jpg\"\n               data-image-id=\"6851\"\n               data-title=\"DSC_0122\"\n               data-description=\"\"\n               data-image-slug=\"dsc_0122-16\"\n               class=\"ngg-fancybox\" rel=\"dc394e52f3bd41308d815fb8a1bc5253\">\n                <img\n                    title=\"DSC_0122\"\n                    alt=\"DSC_0122\"\n                    src=\"https:\/\/scinawa.pl\/wp-content\/gallery\/2017-10-23-wspominali-ks-jerzego-popieluszke\/thumbs\/thumbs_DSC_0122.jpg\"\n                    width=\"200\"\n                    height=\"140\"\n                    style=\"max-width:100%;\"\n                \/>\n            <\/a>\n        <\/div>\n\t\t\t\t\t\t\t<\/div> \n\t\t\t\n\t\t\t\t<div id=\"ngg-image-122\" class=\"ngg-gallery-thumbnail-box \" >\n\t\t\t\t        <div class=\"ngg-gallery-thumbnail\">\n            <a href=\"https:\/\/scinawa.pl\/wp-content\/gallery\/2017-10-23-wspominali-ks-jerzego-popieluszke\/DSC_0123.jpg\"\n               title=\"\"\n               data-src=\"https:\/\/scinawa.pl\/wp-content\/gallery\/2017-10-23-wspominali-ks-jerzego-popieluszke\/DSC_0123.jpg\"\n               data-thumbnail=\"https:\/\/scinawa.pl\/wp-content\/gallery\/2017-10-23-wspominali-ks-jerzego-popieluszke\/thumbs\/thumbs_DSC_0123.jpg\"\n               data-image-id=\"6852\"\n               data-title=\"DSC_0123\"\n               data-description=\"\"\n               data-image-slug=\"dsc_0123-16\"\n               class=\"ngg-fancybox\" rel=\"dc394e52f3bd41308d815fb8a1bc5253\">\n                <img\n                    title=\"DSC_0123\"\n                    alt=\"DSC_0123\"\n                    src=\"https:\/\/scinawa.pl\/wp-content\/gallery\/2017-10-23-wspominali-ks-jerzego-popieluszke\/thumbs\/thumbs_DSC_0123.jpg\"\n                    width=\"200\"\n                    height=\"140\"\n                    style=\"max-width:100%;\"\n                \/>\n            <\/a>\n        <\/div>\n\t\t\t\t\t\t\t<\/div> \n\t\t\t\n\t\t\t\t<div id=\"ngg-image-123\" class=\"ngg-gallery-thumbnail-box \" >\n\t\t\t\t        <div class=\"ngg-gallery-thumbnail\">\n            <a href=\"https:\/\/scinawa.pl\/wp-content\/gallery\/2017-10-23-wspominali-ks-jerzego-popieluszke\/DSC_0124.jpg\"\n               title=\"\"\n               data-src=\"https:\/\/scinawa.pl\/wp-content\/gallery\/2017-10-23-wspominali-ks-jerzego-popieluszke\/DSC_0124.jpg\"\n               data-thumbnail=\"https:\/\/scinawa.pl\/wp-content\/gallery\/2017-10-23-wspominali-ks-jerzego-popieluszke\/thumbs\/thumbs_DSC_0124.jpg\"\n               data-image-id=\"6853\"\n               data-title=\"DSC_0124\"\n               data-description=\"\"\n               data-image-slug=\"dsc_0124-15\"\n               class=\"ngg-fancybox\" rel=\"dc394e52f3bd41308d815fb8a1bc5253\">\n                <img\n                    title=\"DSC_0124\"\n                    alt=\"DSC_0124\"\n                    src=\"https:\/\/scinawa.pl\/wp-content\/gallery\/2017-10-23-wspominali-ks-jerzego-popieluszke\/thumbs\/thumbs_DSC_0124.jpg\"\n                    width=\"200\"\n                    height=\"140\"\n                    style=\"max-width:100%;\"\n                \/>\n            <\/a>\n        <\/div>\n\t\t\t\t\t\t\t<\/div> \n\t\t\t\n\t\t\t\t<div id=\"ngg-image-124\" class=\"ngg-gallery-thumbnail-box \" >\n\t\t\t\t        <div class=\"ngg-gallery-thumbnail\">\n            <a href=\"https:\/\/scinawa.pl\/wp-content\/gallery\/2017-10-23-wspominali-ks-jerzego-popieluszke\/DSC_0125.jpg\"\n               title=\"\"\n               data-src=\"https:\/\/scinawa.pl\/wp-content\/gallery\/2017-10-23-wspominali-ks-jerzego-popieluszke\/DSC_0125.jpg\"\n               data-thumbnail=\"https:\/\/scinawa.pl\/wp-content\/gallery\/2017-10-23-wspominali-ks-jerzego-popieluszke\/thumbs\/thumbs_DSC_0125.jpg\"\n               data-image-id=\"6854\"\n               data-title=\"DSC_0125\"\n               data-description=\"\"\n               data-image-slug=\"dsc_0125-16\"\n               class=\"ngg-fancybox\" rel=\"dc394e52f3bd41308d815fb8a1bc5253\">\n                <img\n                    title=\"DSC_0125\"\n                    alt=\"DSC_0125\"\n                    src=\"https:\/\/scinawa.pl\/wp-content\/gallery\/2017-10-23-wspominali-ks-jerzego-popieluszke\/thumbs\/thumbs_DSC_0125.jpg\"\n                    width=\"200\"\n                    height=\"140\"\n                    style=\"max-width:100%;\"\n                \/>\n            <\/a>\n        <\/div>\n\t\t\t\t\t\t\t<\/div> \n\t\t\t\n\t\t\t\t<div id=\"ngg-image-125\" class=\"ngg-gallery-thumbnail-box \" >\n\t\t\t\t        <div class=\"ngg-gallery-thumbnail\">\n            <a href=\"https:\/\/scinawa.pl\/wp-content\/gallery\/2017-10-23-wspominali-ks-jerzego-popieluszke\/DSC_0126.jpg\"\n               title=\"\"\n               data-src=\"https:\/\/scinawa.pl\/wp-content\/gallery\/2017-10-23-wspominali-ks-jerzego-popieluszke\/DSC_0126.jpg\"\n               data-thumbnail=\"https:\/\/scinawa.pl\/wp-content\/gallery\/2017-10-23-wspominali-ks-jerzego-popieluszke\/thumbs\/thumbs_DSC_0126.jpg\"\n               data-image-id=\"6855\"\n               data-title=\"DSC_0126\"\n               data-description=\"\"\n               data-image-slug=\"dsc_0126-15\"\n               class=\"ngg-fancybox\" rel=\"dc394e52f3bd41308d815fb8a1bc5253\">\n                <img\n                    title=\"DSC_0126\"\n                    alt=\"DSC_0126\"\n                    src=\"https:\/\/scinawa.pl\/wp-content\/gallery\/2017-10-23-wspominali-ks-jerzego-popieluszke\/thumbs\/thumbs_DSC_0126.jpg\"\n                    width=\"200\"\n                    height=\"140\"\n                    style=\"max-width:100%;\"\n                \/>\n            <\/a>\n        <\/div>\n\t\t\t\t\t\t\t<\/div> \n\t\t\t\n\t\t\t\t<div id=\"ngg-image-126\" class=\"ngg-gallery-thumbnail-box \" >\n\t\t\t\t        <div class=\"ngg-gallery-thumbnail\">\n            <a href=\"https:\/\/scinawa.pl\/wp-content\/gallery\/2017-10-23-wspominali-ks-jerzego-popieluszke\/DSC_0127.jpg\"\n               title=\"\"\n               data-src=\"https:\/\/scinawa.pl\/wp-content\/gallery\/2017-10-23-wspominali-ks-jerzego-popieluszke\/DSC_0127.jpg\"\n               data-thumbnail=\"https:\/\/scinawa.pl\/wp-content\/gallery\/2017-10-23-wspominali-ks-jerzego-popieluszke\/thumbs\/thumbs_DSC_0127.jpg\"\n               data-image-id=\"6856\"\n               data-title=\"DSC_0127\"\n               data-description=\"\"\n               data-image-slug=\"dsc_0127-16\"\n               class=\"ngg-fancybox\" rel=\"dc394e52f3bd41308d815fb8a1bc5253\">\n                <img\n                    title=\"DSC_0127\"\n                    alt=\"DSC_0127\"\n                    src=\"https:\/\/scinawa.pl\/wp-content\/gallery\/2017-10-23-wspominali-ks-jerzego-popieluszke\/thumbs\/thumbs_DSC_0127.jpg\"\n                    width=\"200\"\n                    height=\"140\"\n                    style=\"max-width:100%;\"\n                \/>\n            <\/a>\n        <\/div>\n\t\t\t\t\t\t\t<\/div> \n\t\t\t\n\t\t\t\t<div id=\"ngg-image-127\" class=\"ngg-gallery-thumbnail-box \" >\n\t\t\t\t        <div class=\"ngg-gallery-thumbnail\">\n            <a href=\"https:\/\/scinawa.pl\/wp-content\/gallery\/2017-10-23-wspominali-ks-jerzego-popieluszke\/DSC_0128.jpg\"\n               title=\"\"\n               data-src=\"https:\/\/scinawa.pl\/wp-content\/gallery\/2017-10-23-wspominali-ks-jerzego-popieluszke\/DSC_0128.jpg\"\n               data-thumbnail=\"https:\/\/scinawa.pl\/wp-content\/gallery\/2017-10-23-wspominali-ks-jerzego-popieluszke\/thumbs\/thumbs_DSC_0128.jpg\"\n               data-image-id=\"6857\"\n               data-title=\"DSC_0128\"\n               data-description=\"\"\n               data-image-slug=\"dsc_0128-16\"\n               class=\"ngg-fancybox\" rel=\"dc394e52f3bd41308d815fb8a1bc5253\">\n                <img\n                    title=\"DSC_0128\"\n                    alt=\"DSC_0128\"\n                    src=\"https:\/\/scinawa.pl\/wp-content\/gallery\/2017-10-23-wspominali-ks-jerzego-popieluszke\/thumbs\/thumbs_DSC_0128.jpg\"\n                    width=\"200\"\n                    height=\"140\"\n                    style=\"max-width:100%;\"\n                \/>\n            <\/a>\n        <\/div>\n\t\t\t\t\t\t\t<\/div> \n\t\t\t\n\t\t\t\t<div id=\"ngg-image-128\" class=\"ngg-gallery-thumbnail-box \" >\n\t\t\t\t        <div class=\"ngg-gallery-thumbnail\">\n            <a href=\"https:\/\/scinawa.pl\/wp-content\/gallery\/2017-10-23-wspominali-ks-jerzego-popieluszke\/DSC_0129.jpg\"\n               title=\"\"\n               data-src=\"https:\/\/scinawa.pl\/wp-content\/gallery\/2017-10-23-wspominali-ks-jerzego-popieluszke\/DSC_0129.jpg\"\n               data-thumbnail=\"https:\/\/scinawa.pl\/wp-content\/gallery\/2017-10-23-wspominali-ks-jerzego-popieluszke\/thumbs\/thumbs_DSC_0129.jpg\"\n               data-image-id=\"6858\"\n               data-title=\"DSC_0129\"\n               data-description=\"\"\n               data-image-slug=\"dsc_0129-15\"\n               class=\"ngg-fancybox\" rel=\"dc394e52f3bd41308d815fb8a1bc5253\">\n                <img\n                    title=\"DSC_0129\"\n                    alt=\"DSC_0129\"\n                    src=\"https:\/\/scinawa.pl\/wp-content\/gallery\/2017-10-23-wspominali-ks-jerzego-popieluszke\/thumbs\/thumbs_DSC_0129.jpg\"\n                    width=\"200\"\n                    height=\"140\"\n                    style=\"max-width:100%;\"\n                \/>\n            <\/a>\n        <\/div>\n\t\t\t\t\t\t\t<\/div> \n\t\t\t\n\t\t\t\t<div id=\"ngg-image-129\" class=\"ngg-gallery-thumbnail-box \" >\n\t\t\t\t        <div class=\"ngg-gallery-thumbnail\">\n            <a href=\"https:\/\/scinawa.pl\/wp-content\/gallery\/2017-10-23-wspominali-ks-jerzego-popieluszke\/DSC_0130.jpg\"\n               title=\"\"\n               data-src=\"https:\/\/scinawa.pl\/wp-content\/gallery\/2017-10-23-wspominali-ks-jerzego-popieluszke\/DSC_0130.jpg\"\n               data-thumbnail=\"https:\/\/scinawa.pl\/wp-content\/gallery\/2017-10-23-wspominali-ks-jerzego-popieluszke\/thumbs\/thumbs_DSC_0130.jpg\"\n               data-image-id=\"6859\"\n               data-title=\"DSC_0130\"\n               data-description=\"\"\n               data-image-slug=\"dsc_0130-16\"\n               class=\"ngg-fancybox\" rel=\"dc394e52f3bd41308d815fb8a1bc5253\">\n                <img\n                    title=\"DSC_0130\"\n                    alt=\"DSC_0130\"\n                    src=\"https:\/\/scinawa.pl\/wp-content\/gallery\/2017-10-23-wspominali-ks-jerzego-popieluszke\/thumbs\/thumbs_DSC_0130.jpg\"\n                    width=\"200\"\n                    height=\"140\"\n                    style=\"max-width:100%;\"\n                \/>\n            <\/a>\n        <\/div>\n\t\t\t\t\t\t\t<\/div> \n\t\t\t\n\t\t\t\t<div id=\"ngg-image-130\" class=\"ngg-gallery-thumbnail-box \" >\n\t\t\t\t        <div class=\"ngg-gallery-thumbnail\">\n            <a href=\"https:\/\/scinawa.pl\/wp-content\/gallery\/2017-10-23-wspominali-ks-jerzego-popieluszke\/DSC_0131.jpg\"\n               title=\"\"\n               data-src=\"https:\/\/scinawa.pl\/wp-content\/gallery\/2017-10-23-wspominali-ks-jerzego-popieluszke\/DSC_0131.jpg\"\n               data-thumbnail=\"https:\/\/scinawa.pl\/wp-content\/gallery\/2017-10-23-wspominali-ks-jerzego-popieluszke\/thumbs\/thumbs_DSC_0131.jpg\"\n               data-image-id=\"6860\"\n               data-title=\"DSC_0131\"\n               data-description=\"\"\n               data-image-slug=\"dsc_0131-14\"\n               class=\"ngg-fancybox\" rel=\"dc394e52f3bd41308d815fb8a1bc5253\">\n                <img\n                    title=\"DSC_0131\"\n                    alt=\"DSC_0131\"\n                    src=\"https:\/\/scinawa.pl\/wp-content\/gallery\/2017-10-23-wspominali-ks-jerzego-popieluszke\/thumbs\/thumbs_DSC_0131.jpg\"\n                    width=\"200\"\n                    height=\"140\"\n                    style=\"max-width:100%;\"\n                \/>\n            <\/a>\n        <\/div>\n\t\t\t\t\t\t\t<\/div> \n\t\t\t\n\t\t\t\t<div id=\"ngg-image-131\" class=\"ngg-gallery-thumbnail-box \" >\n\t\t\t\t        <div class=\"ngg-gallery-thumbnail\">\n            <a href=\"https:\/\/scinawa.pl\/wp-content\/gallery\/2017-10-23-wspominali-ks-jerzego-popieluszke\/DSC_0132.jpg\"\n               title=\"\"\n               data-src=\"https:\/\/scinawa.pl\/wp-content\/gallery\/2017-10-23-wspominali-ks-jerzego-popieluszke\/DSC_0132.jpg\"\n               data-thumbnail=\"https:\/\/scinawa.pl\/wp-content\/gallery\/2017-10-23-wspominali-ks-jerzego-popieluszke\/thumbs\/thumbs_DSC_0132.jpg\"\n               data-image-id=\"6861\"\n               data-title=\"DSC_0132\"\n               data-description=\"\"\n               data-image-slug=\"dsc_0132-14\"\n               class=\"ngg-fancybox\" rel=\"dc394e52f3bd41308d815fb8a1bc5253\">\n                <img\n                    title=\"DSC_0132\"\n                    alt=\"DSC_0132\"\n                    src=\"https:\/\/scinawa.pl\/wp-content\/gallery\/2017-10-23-wspominali-ks-jerzego-popieluszke\/thumbs\/thumbs_DSC_0132.jpg\"\n                    width=\"200\"\n                    height=\"140\"\n                    style=\"max-width:100%;\"\n                \/>\n            <\/a>\n        <\/div>\n\t\t\t\t\t\t\t<\/div> \n\t\t\t\n\t\t\t\t<div id=\"ngg-image-132\" class=\"ngg-gallery-thumbnail-box \" >\n\t\t\t\t        <div class=\"ngg-gallery-thumbnail\">\n            <a href=\"https:\/\/scinawa.pl\/wp-content\/gallery\/2017-10-23-wspominali-ks-jerzego-popieluszke\/DSC_0133.jpg\"\n               title=\"\"\n               data-src=\"https:\/\/scinawa.pl\/wp-content\/gallery\/2017-10-23-wspominali-ks-jerzego-popieluszke\/DSC_0133.jpg\"\n               data-thumbnail=\"https:\/\/scinawa.pl\/wp-content\/gallery\/2017-10-23-wspominali-ks-jerzego-popieluszke\/thumbs\/thumbs_DSC_0133.jpg\"\n               data-image-id=\"6862\"\n               data-title=\"DSC_0133\"\n               data-description=\"\"\n               data-image-slug=\"dsc_0133-14\"\n               class=\"ngg-fancybox\" rel=\"dc394e52f3bd41308d815fb8a1bc5253\">\n                <img\n                    title=\"DSC_0133\"\n                    alt=\"DSC_0133\"\n                    src=\"https:\/\/scinawa.pl\/wp-content\/gallery\/2017-10-23-wspominali-ks-jerzego-popieluszke\/thumbs\/thumbs_DSC_0133.jpg\"\n                    width=\"200\"\n                    height=\"140\"\n                    style=\"max-width:100%;\"\n                \/>\n            <\/a>\n        <\/div>\n\t\t\t\t\t\t\t<\/div> \n\t\t\t\n\t\t\t\t<div id=\"ngg-image-133\" class=\"ngg-gallery-thumbnail-box \" >\n\t\t\t\t        <div class=\"ngg-gallery-thumbnail\">\n            <a href=\"https:\/\/scinawa.pl\/wp-content\/gallery\/2017-10-23-wspominali-ks-jerzego-popieluszke\/DSC_0134.jpg\"\n               title=\"\"\n               data-src=\"https:\/\/scinawa.pl\/wp-content\/gallery\/2017-10-23-wspominali-ks-jerzego-popieluszke\/DSC_0134.jpg\"\n               data-thumbnail=\"https:\/\/scinawa.pl\/wp-content\/gallery\/2017-10-23-wspominali-ks-jerzego-popieluszke\/thumbs\/thumbs_DSC_0134.jpg\"\n               data-image-id=\"6863\"\n               data-title=\"DSC_0134\"\n               data-description=\"\"\n               data-image-slug=\"dsc_0134-13\"\n               class=\"ngg-fancybox\" rel=\"dc394e52f3bd41308d815fb8a1bc5253\">\n                <img\n                    title=\"DSC_0134\"\n                    alt=\"DSC_0134\"\n                    src=\"https:\/\/scinawa.pl\/wp-content\/gallery\/2017-10-23-wspominali-ks-jerzego-popieluszke\/thumbs\/thumbs_DSC_0134.jpg\"\n                    width=\"200\"\n                    height=\"140\"\n                    style=\"max-width:100%;\"\n                \/>\n            <\/a>\n        <\/div>\n\t\t\t\t\t\t\t<\/div> \n\t\t\t\n\t\t\t\t<div id=\"ngg-image-134\" class=\"ngg-gallery-thumbnail-box \" >\n\t\t\t\t        <div class=\"ngg-gallery-thumbnail\">\n            <a href=\"https:\/\/scinawa.pl\/wp-content\/gallery\/2017-10-23-wspominali-ks-jerzego-popieluszke\/DSC_0135.jpg\"\n               title=\"\"\n               data-src=\"https:\/\/scinawa.pl\/wp-content\/gallery\/2017-10-23-wspominali-ks-jerzego-popieluszke\/DSC_0135.jpg\"\n               data-thumbnail=\"https:\/\/scinawa.pl\/wp-content\/gallery\/2017-10-23-wspominali-ks-jerzego-popieluszke\/thumbs\/thumbs_DSC_0135.jpg\"\n               data-image-id=\"6864\"\n               data-title=\"DSC_0135\"\n               data-description=\"\"\n               data-image-slug=\"dsc_0135-15\"\n               class=\"ngg-fancybox\" rel=\"dc394e52f3bd41308d815fb8a1bc5253\">\n                <img\n                    title=\"DSC_0135\"\n                    alt=\"DSC_0135\"\n                    src=\"https:\/\/scinawa.pl\/wp-content\/gallery\/2017-10-23-wspominali-ks-jerzego-popieluszke\/thumbs\/thumbs_DSC_0135.jpg\"\n                    width=\"200\"\n                    height=\"140\"\n                    style=\"max-width:100%;\"\n                \/>\n            <\/a>\n        <\/div>\n\t\t\t\t\t\t\t<\/div> \n\t\t\t\n\t\t\t\t<div id=\"ngg-image-135\" class=\"ngg-gallery-thumbnail-box \" >\n\t\t\t\t        <div class=\"ngg-gallery-thumbnail\">\n            <a href=\"https:\/\/scinawa.pl\/wp-content\/gallery\/2017-10-23-wspominali-ks-jerzego-popieluszke\/DSC_0136.jpg\"\n               title=\"\"\n               data-src=\"https:\/\/scinawa.pl\/wp-content\/gallery\/2017-10-23-wspominali-ks-jerzego-popieluszke\/DSC_0136.jpg\"\n               data-thumbnail=\"https:\/\/scinawa.pl\/wp-content\/gallery\/2017-10-23-wspominali-ks-jerzego-popieluszke\/thumbs\/thumbs_DSC_0136.jpg\"\n               data-image-id=\"6865\"\n               data-title=\"DSC_0136\"\n               data-description=\"\"\n               data-image-slug=\"dsc_0136-14\"\n               class=\"ngg-fancybox\" rel=\"dc394e52f3bd41308d815fb8a1bc5253\">\n                <img\n                    title=\"DSC_0136\"\n                    alt=\"DSC_0136\"\n                    src=\"https:\/\/scinawa.pl\/wp-content\/gallery\/2017-10-23-wspominali-ks-jerzego-popieluszke\/thumbs\/thumbs_DSC_0136.jpg\"\n                    width=\"200\"\n                    height=\"140\"\n                    style=\"max-width:100%;\"\n                \/>\n            <\/a>\n        <\/div>\n\t\t\t\t\t\t\t<\/div> \n\t\t\t\n\t\t\t\t<div id=\"ngg-image-136\" class=\"ngg-gallery-thumbnail-box \" >\n\t\t\t\t        <div class=\"ngg-gallery-thumbnail\">\n            <a href=\"https:\/\/scinawa.pl\/wp-content\/gallery\/2017-10-23-wspominali-ks-jerzego-popieluszke\/DSC_0137.jpg\"\n               title=\"\"\n               data-src=\"https:\/\/scinawa.pl\/wp-content\/gallery\/2017-10-23-wspominali-ks-jerzego-popieluszke\/DSC_0137.jpg\"\n               data-thumbnail=\"https:\/\/scinawa.pl\/wp-content\/gallery\/2017-10-23-wspominali-ks-jerzego-popieluszke\/thumbs\/thumbs_DSC_0137.jpg\"\n               data-image-id=\"6866\"\n               data-title=\"DSC_0137\"\n               data-description=\"\"\n               data-image-slug=\"dsc_0137-13\"\n               class=\"ngg-fancybox\" rel=\"dc394e52f3bd41308d815fb8a1bc5253\">\n                <img\n                    title=\"DSC_0137\"\n                    alt=\"DSC_0137\"\n                    src=\"https:\/\/scinawa.pl\/wp-content\/gallery\/2017-10-23-wspominali-ks-jerzego-popieluszke\/thumbs\/thumbs_DSC_0137.jpg\"\n                    width=\"200\"\n                    height=\"140\"\n                    style=\"max-width:100%;\"\n                \/>\n            <\/a>\n        <\/div>\n\t\t\t\t\t\t\t<\/div> \n\t\t\t\n\t\t\t\t<div id=\"ngg-image-137\" class=\"ngg-gallery-thumbnail-box \" >\n\t\t\t\t        <div class=\"ngg-gallery-thumbnail\">\n            <a href=\"https:\/\/scinawa.pl\/wp-content\/gallery\/2017-10-23-wspominali-ks-jerzego-popieluszke\/DSC_0138.jpg\"\n               title=\"\"\n               data-src=\"https:\/\/scinawa.pl\/wp-content\/gallery\/2017-10-23-wspominali-ks-jerzego-popieluszke\/DSC_0138.jpg\"\n               data-thumbnail=\"https:\/\/scinawa.pl\/wp-content\/gallery\/2017-10-23-wspominali-ks-jerzego-popieluszke\/thumbs\/thumbs_DSC_0138.jpg\"\n               data-image-id=\"6867\"\n               data-title=\"DSC_0138\"\n               data-description=\"\"\n               data-image-slug=\"dsc_0138-14\"\n               class=\"ngg-fancybox\" rel=\"dc394e52f3bd41308d815fb8a1bc5253\">\n                <img\n                    title=\"DSC_0138\"\n                    alt=\"DSC_0138\"\n                    src=\"https:\/\/scinawa.pl\/wp-content\/gallery\/2017-10-23-wspominali-ks-jerzego-popieluszke\/thumbs\/thumbs_DSC_0138.jpg\"\n                    width=\"200\"\n                    height=\"140\"\n                    style=\"max-width:100%;\"\n                \/>\n            <\/a>\n        <\/div>\n\t\t\t\t\t\t\t<\/div> \n\t\t\t\n\t\t\t\t<div id=\"ngg-image-138\" class=\"ngg-gallery-thumbnail-box \" >\n\t\t\t\t        <div class=\"ngg-gallery-thumbnail\">\n            <a href=\"https:\/\/scinawa.pl\/wp-content\/gallery\/2017-10-23-wspominali-ks-jerzego-popieluszke\/DSC_0139.jpg\"\n               title=\"\"\n               data-src=\"https:\/\/scinawa.pl\/wp-content\/gallery\/2017-10-23-wspominali-ks-jerzego-popieluszke\/DSC_0139.jpg\"\n               data-thumbnail=\"https:\/\/scinawa.pl\/wp-content\/gallery\/2017-10-23-wspominali-ks-jerzego-popieluszke\/thumbs\/thumbs_DSC_0139.jpg\"\n               data-image-id=\"6868\"\n               data-title=\"DSC_0139\"\n               data-description=\"\"\n               data-image-slug=\"dsc_0139-15\"\n               class=\"ngg-fancybox\" rel=\"dc394e52f3bd41308d815fb8a1bc5253\">\n                <img\n                    title=\"DSC_0139\"\n                    alt=\"DSC_0139\"\n                    src=\"https:\/\/scinawa.pl\/wp-content\/gallery\/2017-10-23-wspominali-ks-jerzego-popieluszke\/thumbs\/thumbs_DSC_0139.jpg\"\n                    width=\"200\"\n                    height=\"140\"\n                    style=\"max-width:100%;\"\n                \/>\n            <\/a>\n        <\/div>\n\t\t\t\t\t\t\t<\/div> \n\t\t\t\n\t\t\t\t<div id=\"ngg-image-139\" class=\"ngg-gallery-thumbnail-box \" >\n\t\t\t\t        <div class=\"ngg-gallery-thumbnail\">\n            <a href=\"https:\/\/scinawa.pl\/wp-content\/gallery\/2017-10-23-wspominali-ks-jerzego-popieluszke\/DSC_0140.jpg\"\n               title=\"\"\n               data-src=\"https:\/\/scinawa.pl\/wp-content\/gallery\/2017-10-23-wspominali-ks-jerzego-popieluszke\/DSC_0140.jpg\"\n               data-thumbnail=\"https:\/\/scinawa.pl\/wp-content\/gallery\/2017-10-23-wspominali-ks-jerzego-popieluszke\/thumbs\/thumbs_DSC_0140.jpg\"\n               data-image-id=\"6869\"\n               data-title=\"DSC_0140\"\n               data-description=\"\"\n               data-image-slug=\"dsc_0140-13\"\n               class=\"ngg-fancybox\" rel=\"dc394e52f3bd41308d815fb8a1bc5253\">\n                <img\n                    title=\"DSC_0140\"\n                    alt=\"DSC_0140\"\n                    src=\"https:\/\/scinawa.pl\/wp-content\/gallery\/2017-10-23-wspominali-ks-jerzego-popieluszke\/thumbs\/thumbs_DSC_0140.jpg\"\n                    width=\"200\"\n                    height=\"140\"\n                    style=\"max-width:100%;\"\n                \/>\n            <\/a>\n        <\/div>\n\t\t\t\t\t\t\t<\/div> \n\t\t\t\n\t\t\t\t<div id=\"ngg-image-140\" class=\"ngg-gallery-thumbnail-box \" >\n\t\t\t\t        <div class=\"ngg-gallery-thumbnail\">\n            <a href=\"https:\/\/scinawa.pl\/wp-content\/gallery\/2017-10-23-wspominali-ks-jerzego-popieluszke\/DSC_0141.jpg\"\n               title=\"\"\n               data-src=\"https:\/\/scinawa.pl\/wp-content\/gallery\/2017-10-23-wspominali-ks-jerzego-popieluszke\/DSC_0141.jpg\"\n               data-thumbnail=\"https:\/\/scinawa.pl\/wp-content\/gallery\/2017-10-23-wspominali-ks-jerzego-popieluszke\/thumbs\/thumbs_DSC_0141.jpg\"\n               data-image-id=\"6870\"\n               data-title=\"DSC_0141\"\n               data-description=\"\"\n               data-image-slug=\"dsc_0141-15\"\n               class=\"ngg-fancybox\" rel=\"dc394e52f3bd41308d815fb8a1bc5253\">\n                <img\n                    title=\"DSC_0141\"\n                    alt=\"DSC_0141\"\n                    src=\"https:\/\/scinawa.pl\/wp-content\/gallery\/2017-10-23-wspominali-ks-jerzego-popieluszke\/thumbs\/thumbs_DSC_0141.jpg\"\n                    width=\"200\"\n                    height=\"140\"\n                    style=\"max-width:100%;\"\n                \/>\n            <\/a>\n        <\/div>\n\t\t\t\t\t\t\t<\/div> \n\t\t\t\n\t\t\t\t<div id=\"ngg-image-141\" class=\"ngg-gallery-thumbnail-box \" >\n\t\t\t\t        <div class=\"ngg-gallery-thumbnail\">\n            <a href=\"https:\/\/scinawa.pl\/wp-content\/gallery\/2017-10-23-wspominali-ks-jerzego-popieluszke\/DSC_0142.jpg\"\n               title=\"\"\n               data-src=\"https:\/\/scinawa.pl\/wp-content\/gallery\/2017-10-23-wspominali-ks-jerzego-popieluszke\/DSC_0142.jpg\"\n               data-thumbnail=\"https:\/\/scinawa.pl\/wp-content\/gallery\/2017-10-23-wspominali-ks-jerzego-popieluszke\/thumbs\/thumbs_DSC_0142.jpg\"\n               data-image-id=\"6871\"\n               data-title=\"DSC_0142\"\n               data-description=\"\"\n               data-image-slug=\"dsc_0142-13\"\n               class=\"ngg-fancybox\" rel=\"dc394e52f3bd41308d815fb8a1bc5253\">\n                <img\n                    title=\"DSC_0142\"\n                    alt=\"DSC_0142\"\n                    src=\"https:\/\/scinawa.pl\/wp-content\/gallery\/2017-10-23-wspominali-ks-jerzego-popieluszke\/thumbs\/thumbs_DSC_0142.jpg\"\n                    width=\"200\"\n                    height=\"140\"\n                    style=\"max-width:100%;\"\n                \/>\n            <\/a>\n        <\/div>\n\t\t\t\t\t\t\t<\/div> \n\t\t\t\n\t\t\t\t<div id=\"ngg-image-142\" class=\"ngg-gallery-thumbnail-box \" >\n\t\t\t\t        <div class=\"ngg-gallery-thumbnail\">\n            <a href=\"https:\/\/scinawa.pl\/wp-content\/gallery\/2017-10-23-wspominali-ks-jerzego-popieluszke\/DSC_0143.jpg\"\n               title=\"\"\n               data-src=\"https:\/\/scinawa.pl\/wp-content\/gallery\/2017-10-23-wspominali-ks-jerzego-popieluszke\/DSC_0143.jpg\"\n               data-thumbnail=\"https:\/\/scinawa.pl\/wp-content\/gallery\/2017-10-23-wspominali-ks-jerzego-popieluszke\/thumbs\/thumbs_DSC_0143.jpg\"\n               data-image-id=\"6872\"\n               data-title=\"DSC_0143\"\n               data-description=\"\"\n               data-image-slug=\"dsc_0143-14\"\n               class=\"ngg-fancybox\" rel=\"dc394e52f3bd41308d815fb8a1bc5253\">\n                <img\n                    title=\"DSC_0143\"\n                    alt=\"DSC_0143\"\n                    src=\"https:\/\/scinawa.pl\/wp-content\/gallery\/2017-10-23-wspominali-ks-jerzego-popieluszke\/thumbs\/thumbs_DSC_0143.jpg\"\n                    width=\"200\"\n                    height=\"140\"\n                    style=\"max-width:100%;\"\n                \/>\n            <\/a>\n        <\/div>\n\t\t\t\t\t\t\t<\/div> \n\t\t\t\n\t\t\t\t<div id=\"ngg-image-143\" class=\"ngg-gallery-thumbnail-box \" >\n\t\t\t\t        <div class=\"ngg-gallery-thumbnail\">\n            <a href=\"https:\/\/scinawa.pl\/wp-content\/gallery\/2017-10-23-wspominali-ks-jerzego-popieluszke\/DSC_0144.jpg\"\n               title=\"\"\n               data-src=\"https:\/\/scinawa.pl\/wp-content\/gallery\/2017-10-23-wspominali-ks-jerzego-popieluszke\/DSC_0144.jpg\"\n               data-thumbnail=\"https:\/\/scinawa.pl\/wp-content\/gallery\/2017-10-23-wspominali-ks-jerzego-popieluszke\/thumbs\/thumbs_DSC_0144.jpg\"\n               data-image-id=\"6873\"\n               data-title=\"DSC_0144\"\n               data-description=\"\"\n               data-image-slug=\"dsc_0144-13\"\n               class=\"ngg-fancybox\" rel=\"dc394e52f3bd41308d815fb8a1bc5253\">\n                <img\n                    title=\"DSC_0144\"\n                    alt=\"DSC_0144\"\n                    src=\"https:\/\/scinawa.pl\/wp-content\/gallery\/2017-10-23-wspominali-ks-jerzego-popieluszke\/thumbs\/thumbs_DSC_0144.jpg\"\n                    width=\"200\"\n                    height=\"140\"\n                    style=\"max-width:100%;\"\n                \/>\n            <\/a>\n        <\/div>\n\t\t\t\t\t\t\t<\/div> \n\t\t\t\n\t\t\t\t<div id=\"ngg-image-144\" class=\"ngg-gallery-thumbnail-box \" >\n\t\t\t\t        <div class=\"ngg-gallery-thumbnail\">\n            <a href=\"https:\/\/scinawa.pl\/wp-content\/gallery\/2017-10-23-wspominali-ks-jerzego-popieluszke\/DSC_0145.jpg\"\n               title=\"\"\n               data-src=\"https:\/\/scinawa.pl\/wp-content\/gallery\/2017-10-23-wspominali-ks-jerzego-popieluszke\/DSC_0145.jpg\"\n               data-thumbnail=\"https:\/\/scinawa.pl\/wp-content\/gallery\/2017-10-23-wspominali-ks-jerzego-popieluszke\/thumbs\/thumbs_DSC_0145.jpg\"\n               data-image-id=\"6874\"\n               data-title=\"DSC_0145\"\n               data-description=\"\"\n               data-image-slug=\"dsc_0145-15\"\n               class=\"ngg-fancybox\" rel=\"dc394e52f3bd41308d815fb8a1bc5253\">\n                <img\n                    title=\"DSC_0145\"\n                    alt=\"DSC_0145\"\n                    src=\"https:\/\/scinawa.pl\/wp-content\/gallery\/2017-10-23-wspominali-ks-jerzego-popieluszke\/thumbs\/thumbs_DSC_0145.jpg\"\n                    width=\"200\"\n                    height=\"140\"\n                    style=\"max-width:100%;\"\n                \/>\n            <\/a>\n        <\/div>\n\t\t\t\t\t\t\t<\/div> \n\t\t\t\n\t\t\t\t<div id=\"ngg-image-145\" class=\"ngg-gallery-thumbnail-box \" >\n\t\t\t\t        <div class=\"ngg-gallery-thumbnail\">\n            <a href=\"https:\/\/scinawa.pl\/wp-content\/gallery\/2017-10-23-wspominali-ks-jerzego-popieluszke\/DSC_0146.jpg\"\n               title=\"\"\n               data-src=\"https:\/\/scinawa.pl\/wp-content\/gallery\/2017-10-23-wspominali-ks-jerzego-popieluszke\/DSC_0146.jpg\"\n               data-thumbnail=\"https:\/\/scinawa.pl\/wp-content\/gallery\/2017-10-23-wspominali-ks-jerzego-popieluszke\/thumbs\/thumbs_DSC_0146.jpg\"\n               data-image-id=\"6875\"\n               data-title=\"DSC_0146\"\n               data-description=\"\"\n               data-image-slug=\"dsc_0146-14\"\n               class=\"ngg-fancybox\" rel=\"dc394e52f3bd41308d815fb8a1bc5253\">\n                <img\n                    title=\"DSC_0146\"\n                    alt=\"DSC_0146\"\n                    src=\"https:\/\/scinawa.pl\/wp-content\/gallery\/2017-10-23-wspominali-ks-jerzego-popieluszke\/thumbs\/thumbs_DSC_0146.jpg\"\n                    width=\"200\"\n                    height=\"140\"\n                    style=\"max-width:100%;\"\n                \/>\n            <\/a>\n        <\/div>\n\t\t\t\t\t\t\t<\/div> \n\t\t\t\n\t\t\t\t<div id=\"ngg-image-146\" class=\"ngg-gallery-thumbnail-box \" >\n\t\t\t\t        <div class=\"ngg-gallery-thumbnail\">\n            <a href=\"https:\/\/scinawa.pl\/wp-content\/gallery\/2017-10-23-wspominali-ks-jerzego-popieluszke\/DSC_0147.jpg\"\n               title=\"\"\n               data-src=\"https:\/\/scinawa.pl\/wp-content\/gallery\/2017-10-23-wspominali-ks-jerzego-popieluszke\/DSC_0147.jpg\"\n               data-thumbnail=\"https:\/\/scinawa.pl\/wp-content\/gallery\/2017-10-23-wspominali-ks-jerzego-popieluszke\/thumbs\/thumbs_DSC_0147.jpg\"\n               data-image-id=\"6876\"\n               data-title=\"DSC_0147\"\n               data-description=\"\"\n               data-image-slug=\"dsc_0147-12\"\n               class=\"ngg-fancybox\" rel=\"dc394e52f3bd41308d815fb8a1bc5253\">\n                <img\n                    title=\"DSC_0147\"\n                    alt=\"DSC_0147\"\n                    src=\"https:\/\/scinawa.pl\/wp-content\/gallery\/2017-10-23-wspominali-ks-jerzego-popieluszke\/thumbs\/thumbs_DSC_0147.jpg\"\n                    width=\"200\"\n                    height=\"140\"\n                    style=\"max-width:100%;\"\n                \/>\n            <\/a>\n        <\/div>\n\t\t\t\t\t\t\t<\/div> \n\t\t\t\n\t\t\t\t<div id=\"ngg-image-147\" class=\"ngg-gallery-thumbnail-box \" >\n\t\t\t\t        <div class=\"ngg-gallery-thumbnail\">\n            <a href=\"https:\/\/scinawa.pl\/wp-content\/gallery\/2017-10-23-wspominali-ks-jerzego-popieluszke\/DSC_0148.jpg\"\n               title=\"\"\n               data-src=\"https:\/\/scinawa.pl\/wp-content\/gallery\/2017-10-23-wspominali-ks-jerzego-popieluszke\/DSC_0148.jpg\"\n               data-thumbnail=\"https:\/\/scinawa.pl\/wp-content\/gallery\/2017-10-23-wspominali-ks-jerzego-popieluszke\/thumbs\/thumbs_DSC_0148.jpg\"\n               data-image-id=\"6877\"\n               data-title=\"DSC_0148\"\n               data-description=\"\"\n               data-image-slug=\"dsc_0148-12\"\n               class=\"ngg-fancybox\" rel=\"dc394e52f3bd41308d815fb8a1bc5253\">\n                <img\n                    title=\"DSC_0148\"\n                    alt=\"DSC_0148\"\n                    src=\"https:\/\/scinawa.pl\/wp-content\/gallery\/2017-10-23-wspominali-ks-jerzego-popieluszke\/thumbs\/thumbs_DSC_0148.jpg\"\n                    width=\"200\"\n                    height=\"140\"\n                    style=\"max-width:100%;\"\n                \/>\n            <\/a>\n        <\/div>\n\t\t\t\t\t\t\t<\/div> \n\t\t\t\n\t\n\t<br style=\"clear: both\" \/>\n\n\t\t<div class=\"slideshowlink\">\n        <a href='https:\/\/scinawa.pl\/index.php\/2017\/10\/23\/wspominali-ks-jerzego-popieluszke\/nggallery\/slideshow'>&#091;Pokaz zdj\u0119\u0107&#093;<\/a>\n\t\t\n\t<\/div>\n\t\n\t\t<div class=\"ngg-clear\"><\/div>\n\t<\/div>\n<\/p>\n","protected":false},"excerpt":{"rendered":"<p>Ko\u015bci\u00f3\u0142 pw. \u015awi\u0119tej Rodziny w Parszowicach to miejsce, w kt\u00f3rym gromadz\u0105 si\u0119 wierni, by uczestniczy\u0107 we mszy \u015bwi\u0119tej odprawianej w<\/p>\n","protected":false},"author":2,"featured_media":15194,"comment_status":"open","ping_status":"open","sticky":false,"template":"","format":"gallery","meta":{"ngg_post_thumbnail":0},"categories":[3,40],"tags":[205,208,206,207],"_links":{"self":[{"href":"https:\/\/scinawa.pl\/index.php\/wp-json\/wp\/v2\/posts\/14895"}],"collection":[{"href":"https:\/\/scinawa.pl\/index.php\/wp-json\/wp\/v2\/posts"}],"about":[{"href":"https:\/\/scinawa.pl\/index.php\/wp-json\/wp\/v2\/types\/post"}],"author":[{"embeddable":true,"href":"https:\/\/scinawa.pl\/index.php\/wp-json\/wp\/v2\/users\/2"}],"replies":[{"embeddable":true,"href":"https:\/\/scinawa.pl\/index.php\/wp-json\/wp\/v2\/comments?post=14895"}],"version-history":[{"count":8,"href":"https:\/\/scinawa.pl\/index.php\/wp-json\/wp\/v2\/posts\/14895\/revisions"}],"predecessor-version":[{"id":15204,"href":"https:\/\/scinawa.pl\/index.php\/wp-json\/wp\/v2\/posts\/14895\/revisions\/15204"}],"wp:featuredmedia":[{"embeddable":true,"href":"https:\/\/scinawa.pl\/index.php\/wp-json\/wp\/v2\/media\/15194"}],"wp:attachment":[{"href":"https:\/\/scinawa.pl\/index.php\/wp-json\/wp\/v2\/media?parent=14895"}],"wp:term":[{"taxonomy":"category","embeddable":true,"href":"https:\/\/scinawa.pl\/index.php\/wp-json\/wp\/v2\/categories?post=14895"},{"taxonomy":"post_tag","embeddable":true,"href":"https:\/\/scinawa.pl\/index.php\/wp-json\/wp\/v2\/tags?post=14895"}],"curies":[{"name":"wp","href":"https:\/\/api.w.org\/{rel}","templated":true}]}}