{"id":13983,"date":"2017-10-23T10:29:58","date_gmt":"2017-10-23T08:29:58","guid":{"rendered":"http:\/\/nowa.scinawa.pl\/?p=13983"},"modified":"2017-10-30T14:55:58","modified_gmt":"2017-10-30T13:55:58","slug":"odnowia-zabytkowa-ambone","status":"publish","type":"post","link":"https:\/\/scinawa.pl\/index.php\/2017\/10\/23\/odnowia-zabytkowa-ambone\/","title":{"rendered":"Odnowi\u0105 zabytkow\u0105 ambon\u0119"},"content":{"rendered":"<p align=\"justify\">Dzi\u0119ki otrzymanej z powiatu lubi\u0144skiego dotacji na prace konserwatorskie, parafia pw. Chrystusa Kr\u00f3la w D\u0142u\u017cycach doczeka si\u0119 remontu zabytkowej barokowej ambony.<\/p>\n<p align=\"justify\">Decyzj\u0119 o przekazaniu pieni\u0119dzy na remont podj\u0119li radni powiatu lubi\u0144skiego na ostatniej sesji<br \/>\nNa ostatniej sesji radni powiatu lubi\u0144skiego podj\u0119li uchwa\u0142\u0119 dotycz\u0105c\u0105 przekazania dotacji na ten cel. Koszt ca\u0142ej inwestycji to 40 tysi\u0119cy z\u0142otych<\/p>\n<p align=\"justify\">\u2013 Kwota 40 tysi\u0119cy z\u0142otych, o jak\u0105 wnioskowa\u0142a parafia, pozwoli w ca\u0142o\u015bci sfinansowa\u0107 generalny remont tej zabytkowej ambony \u2013 m\u00f3wi starosta lubi\u0144ski Adam Myrda. \u2013 Rokrocznie staramy si\u0119 przekazywa\u0107 \u015brodki finansowe na prace konserwatorskie, restauratorskie lub roboty budowlane przy zabytkach wpisanych do rejestru zabytk\u00f3w, po to, aby uchroni\u0107 je od degradacji i ca\u0142kowitego zniszczenia. Jest to przecie\u017c nasze dziedzictwo kulturowe \u2013 dodaje starosta.<\/p>\n<p align=\"justify\">Zakres prac jest bardzo szeroki, pocz\u0105wszy od wykonania dokumentacji, oczyszczenia powierzchni ambony jej demonta\u017c i dezynsekcj\u0119 drewna, a\u017c po wykonanie sond schodkowych, pobranie pr\u00f3bek, impregnacj\u0119, oczyszczenie malowide\u0142 i uzupe\u0142nienie brakuj\u0105cych detali w drewnie i w warstwie malarskiej oraz zabezpieczenie malatury i monta\u017c ambony.<\/p>\n<p align=\"justify\">Prace maj\u0105 potrwa\u0107 do ko\u0144ca grudnia 2019 roku. Na ich przeprowadzenie wyrazi\u0142 zgod\u0119 Dolno\u015bl\u0105ski Wojew\u00f3dzki Konserwator Zabytk\u00f3w.<\/p>\n<p align=\"justify\">\u0179r\u00f3d\u0142o: <A href=\"http:\/\/www.lubin.pl\/odnowia-zabytkowa-ambone\/\" target=\"_blank\">Lubin.pl<\/a><\/P><\/p>\n","protected":false},"excerpt":{"rendered":"<p>Dzi\u0119ki otrzymanej z powiatu lubi\u0144skiego dotacji na prace konserwatorskie, parafia pw. Chrystusa Kr\u00f3la w D\u0142u\u017cycach doczeka si\u0119 remontu zabytkowej barokowej<\/p>\n","protected":false},"author":2,"featured_media":13984,"comment_status":"open","ping_status":"open","sticky":false,"template":"","format":"standard","meta":{"ngg_post_thumbnail":0},"categories":[3],"tags":[201,111,202,203],"_links":{"self":[{"href":"https:\/\/scinawa.pl\/index.php\/wp-json\/wp\/v2\/posts\/13983"}],"collection":[{"href":"https:\/\/scinawa.pl\/index.php\/wp-json\/wp\/v2\/posts"}],"about":[{"href":"https:\/\/scinawa.pl\/index.php\/wp-json\/wp\/v2\/types\/post"}],"author":[{"embeddable":true,"href":"https:\/\/scinawa.pl\/index.php\/wp-json\/wp\/v2\/users\/2"}],"replies":[{"embeddable":true,"href":"https:\/\/scinawa.pl\/index.php\/wp-json\/wp\/v2\/comments?post=13983"}],"version-history":[{"count":1,"href":"https:\/\/scinawa.pl\/index.php\/wp-json\/wp\/v2\/posts\/13983\/revisions"}],"predecessor-version":[{"id":13985,"href":"https:\/\/scinawa.pl\/index.php\/wp-json\/wp\/v2\/posts\/13983\/revisions\/13985"}],"wp:featuredmedia":[{"embeddable":true,"href":"https:\/\/scinawa.pl\/index.php\/wp-json\/wp\/v2\/media\/13984"}],"wp:attachment":[{"href":"https:\/\/scinawa.pl\/index.php\/wp-json\/wp\/v2\/media?parent=13983"}],"wp:term":[{"taxonomy":"category","embeddable":true,"href":"https:\/\/scinawa.pl\/index.php\/wp-json\/wp\/v2\/categories?post=13983"},{"taxonomy":"post_tag","embeddable":true,"href":"https:\/\/scinawa.pl\/index.php\/wp-json\/wp\/v2\/tags?post=13983"}],"curies":[{"name":"wp","href":"https:\/\/api.w.org\/{rel}","templated":true}]}}