{"id":13978,"date":"2017-10-20T15:14:40","date_gmt":"2017-10-20T13:14:40","guid":{"rendered":"http:\/\/nowa.scinawa.pl\/?p=13978"},"modified":"2017-10-23T19:14:33","modified_gmt":"2017-10-23T17:14:33","slug":"przypomna-o-popieluszce","status":"publish","type":"post","link":"https:\/\/scinawa.pl\/index.php\/2017\/10\/20\/przypomna-o-popieluszce\/","title":{"rendered":"Przypomn\u0105 o Popie\u0142uszce"},"content":{"rendered":"<p align=\"justify\">W niedziel\u0119 do Parszowic przyjad\u0105 wierni z ca\u0142ego regionu, \u017ceby uczci\u0107 rocznic\u0119 \u015bmierci ks. Jerzego Popie\u0142uszki. Parafianie zapraszaj\u0105 wszystkich mieszka\u0144c\u00f3w powiatu lubi\u0144skiego na msz\u0119, koncert i pocz\u0119stunek.<\/p>\n<p><!--more--><\/p>\n<p align=\"justify\">Kiedy 44 lata temu ksi\u0105dz Popie\u0142uszko odprawia\u0142 w Parszowicach jedn\u0105 ze swoich pierwszych mszy po otrzymaniu \u015bwi\u0119ce\u0144 kap\u0142a\u0144skich, nikt nie my\u015bla\u0142, \u017ce ma przed sob\u0105 przysz\u0142ego m\u0119czennika i \u015bwi\u0119tego. Msza by\u0142a wyj\u0105tkowo uroczysta, koncelebrowana, z recytowanymi przez dzieci wierszykami na cze\u015b\u0107 m\u0142odych ksi\u0119\u017cy. Dzi\u015b o wydarzeniu sprzed lat przypominaj\u0105 pami\u0105tkowe tablice w ko\u015bciele w Parszowicach.<\/p>\n<p align=\"justify\">Tegoroczne obchody rozpoczn\u0105 si\u0119 w ko\u015bciele pw. \u015awi\u0119tej Rodziny wspomnieniem o ks. Popie\u0142uszce. Opowie o nim przedstawiciel Instytutu Pami\u0119ci Narodowej. Nast\u0119pnie, o godzinie 14, odprawiona zostanie msza \u015bw. Po niej b\u0119dzie mo\u017cna wys\u0142ucha\u0107 koncertu kapeli g\u00f3ralskiej Janicki z Czarnego Boru oraz uca\u0142owa\u0107 relikwie, kt\u00f3re przekaza\u0142 parafii arcybiskup Kazimierz Nycz w 2010 roku na pro\u015bb\u0119 \u00f3wczesnego proboszcza Wielowsi oraz przewodnicz\u0105cego miedziowej Solidarno\u015bci, kt\u00f3rej b\u0142. Jerzy Popie\u0142uszko oficjalnie patronuje. Przygotowana zostanie r\u00f3wnie\u017c wystawa plastyczna i fotograficzna po\u015bwi\u0119cona \u017cyciu ksi\u0119dza Jerzego.<\/p>\n<p align=\"justify\">\u2013 Na uczestnik\u00f3w uroczysto\u015bci czekaj\u0105 tak\u017ce inne atrakcje, m.in. okazjonalny kalendarz jako pami\u0105tka z uroczysto\u015bci, pocz\u0119stunek oraz wsp\u00f3lne zdj\u0119cie. Nie zabraknie te\u017c innych stoisk, sw\u00f3j udzia\u0142 zapowiedzia\u0142a Fundacja Przysta\u0144 ze \u015acinawy, a specjalnie dla dzieci pojawi\u0105 si\u0119 okoliczni kramarze \u2013 informuj\u0105 organizatorzy.<\/p>\n<p align=\"justify\">Do wsp\u00f3lnego \u015bwi\u0119towania zaprasza proboszcz Grzegorz Ropiak wraz z parafianami.<\/p>\n<p align=\"justify\">Mo\u017cna do Parszowic dotrze\u0107 te\u017c w niecodzienny spos\u00f3b: grupa biegaczy z KS Start \u015acinawa na to wydarzenie wyruszy ze \u015acinawy, natomiast pieszo i na rowerach dotr\u0105 do Parszowic cz\u0142onkowie Stowarzyszenia W\u0119drowiec z Lubina. 15-kilometrowa trasa prowadzi z Lubina przez Niemst\u00f3w. Mo\u017cna si\u0119 przy\u0142\u0105czy\u0107. Szczeg\u00f3\u0142y na stronie internetowej <a href=\"http:\/\/wedrowieclubin.pl\" target=\"_blank\" rel=\"noopener\">Stowarzyszenia W\u0119drowiec<\/a>.<\/p>\n<p align=\"justify\">Wi\u0119cej na temat uroczysto\u015bci w Parszowicach mo\u017cna znale\u017a\u0107 na plakacie poni\u017cej.<\/p>\n<p><a href=\"http:\/\/nowa.scinawa.pl\/wp-content\/uploads\/2017\/10\/Popie\u0142uszko-plakat.jpg\"><img decoding=\"async\" class=\"aligncenter size-full wp-image-13980\" src=\"http:\/\/nowa.scinawa.pl\/wp-content\/uploads\/2017\/10\/Popie\u0142uszko-plakat.jpg\" alt=\"\" width=\"960\" srcset=\"https:\/\/scinawa.pl\/wp-content\/uploads\/2017\/10\/Popie\u0142uszko-plakat.jpg 1021w, https:\/\/scinawa.pl\/wp-content\/uploads\/2017\/10\/Popie\u0142uszko-plakat-213x300.jpg 213w, https:\/\/scinawa.pl\/wp-content\/uploads\/2017\/10\/Popie\u0142uszko-plakat-768x1082.jpg 768w, https:\/\/scinawa.pl\/wp-content\/uploads\/2017\/10\/Popie\u0142uszko-plakat-727x1024.jpg 727w\" sizes=\"(max-width: 1021px) 100vw, 1021px\" \/><\/a><\/p>\n<div align=\"center\"><iframe loading=\"lazy\" src=\"https:\/\/www.youtube.com\/embed\/PSFpGZtIeko\" width=\"560\" height=\"315\" frameborder=\"0\" allowfullscreen=\"allowfullscreen\"><\/iframe><\/div>\n","protected":false},"excerpt":{"rendered":"<p>W niedziel\u0119 do Parszowic przyjad\u0105 wierni z ca\u0142ego regionu, \u017ceby uczci\u0107 rocznic\u0119 \u015bmierci ks. Jerzego Popie\u0142uszki. Parafianie zapraszaj\u0105 wszystkich mieszka\u0144c\u00f3w<\/p>\n","protected":false},"author":2,"featured_media":13979,"comment_status":"open","ping_status":"open","sticky":false,"template":"","format":"standard","meta":{"ngg_post_thumbnail":0},"categories":[3],"tags":[],"_links":{"self":[{"href":"https:\/\/scinawa.pl\/index.php\/wp-json\/wp\/v2\/posts\/13978"}],"collection":[{"href":"https:\/\/scinawa.pl\/index.php\/wp-json\/wp\/v2\/posts"}],"about":[{"href":"https:\/\/scinawa.pl\/index.php\/wp-json\/wp\/v2\/types\/post"}],"author":[{"embeddable":true,"href":"https:\/\/scinawa.pl\/index.php\/wp-json\/wp\/v2\/users\/2"}],"replies":[{"embeddable":true,"href":"https:\/\/scinawa.pl\/index.php\/wp-json\/wp\/v2\/comments?post=13978"}],"version-history":[{"count":1,"href":"https:\/\/scinawa.pl\/index.php\/wp-json\/wp\/v2\/posts\/13978\/revisions"}],"predecessor-version":[{"id":13981,"href":"https:\/\/scinawa.pl\/index.php\/wp-json\/wp\/v2\/posts\/13978\/revisions\/13981"}],"wp:featuredmedia":[{"embeddable":true,"href":"https:\/\/scinawa.pl\/index.php\/wp-json\/wp\/v2\/media\/13979"}],"wp:attachment":[{"href":"https:\/\/scinawa.pl\/index.php\/wp-json\/wp\/v2\/media?parent=13978"}],"wp:term":[{"taxonomy":"category","embeddable":true,"href":"https:\/\/scinawa.pl\/index.php\/wp-json\/wp\/v2\/categories?post=13978"},{"taxonomy":"post_tag","embeddable":true,"href":"https:\/\/scinawa.pl\/index.php\/wp-json\/wp\/v2\/tags?post=13978"}],"curies":[{"name":"wp","href":"https:\/\/api.w.org\/{rel}","templated":true}]}}