{"id":11856,"date":"2017-09-29T13:58:09","date_gmt":"2017-09-29T11:58:09","guid":{"rendered":"http:\/\/nowa.scinawa.pl\/?p=11856"},"modified":"2017-10-23T19:14:01","modified_gmt":"2017-10-23T17:14:01","slug":"scinawianie-zamiast-do-medicusa-pojda-na-bema","status":"publish","type":"post","link":"https:\/\/scinawa.pl\/index.php\/2017\/09\/29\/scinawianie-zamiast-do-medicusa-pojda-na-bema\/","title":{"rendered":"\u015acinawianie zamiast do Medicusa pojad\u0105 na Bema"},"content":{"rendered":"<p align=\"justify\">Medicus nie b\u0119dzie ju\u017c przyjmowa\u0142 pacjent\u00f3w w ramach nocnej i \u015bwi\u0105tecznej opieki medycznej. Od niedzieli, 1 pa\u017adziernika, tak\u0105 pomoc b\u0119d\u0105 \u015bwiadczy\u0107 wy\u0142\u0105cznie dwa lubi\u0144skie szpitale, kt\u00f3re znalaz\u0142y si\u0119 w tzw. sieci \u2013 Regionalne Centrum Zdrowia przy ulicy Bema oraz Miedziowe Centrum Zdrowia przy ulicy Sk\u0142odowskiej-Curie.<\/p>\n<p align=\"justify\">Zmiany wchodz\u0105 w \u017cycie w ca\u0142ej Polsce. Od 1 pa\u017adziernika nocn\u0105 i \u015bwi\u0105teczn\u0105 opiek\u0119 medyczn\u0105 b\u0119d\u0105 \u015bwiadczy\u0107 punkty szpitale, kt\u00f3re uwzgl\u0119dniono w rz\u0105dowej sieci. Na Dolnym \u015al\u0105sku to 35 plac\u00f3wek, ich pe\u0142n\u0105 list\u0119 wraz z adresami i numerami telefon\u00f3w mo\u017cna znale\u017a\u0107 <a href=\"https:\/\/www.nfz-wroclaw.pl\/default2.aspx?obj=45223;51457&amp;des=1;2\" target=\"_blank\" rel=\"noopener\">TUTAJ<\/a>.<\/p>\n<p align=\"justify\">W Lubinie lekarze b\u0119d\u0105 przyjmowa\u0107 w dw\u00f3ch jednostkach: Miedziowym Centrum Zdrowia w Lubinie (budynek g\u0142\u00f3wny szpitala, tel. 76 84 60 406) oraz Regionalnym Centrum Zdrowia w Lubinie (budynek SOR, tel. 76 840 16 00, 840 16 90). \u015awiadczenia b\u0119d\u0105 udzielane od poniedzia\u0142ku do pi\u0105tku od godziny 18.00 do 8.00 oraz ca\u0142odobowo w dni wolne od pracy.<\/p>\n<p align=\"justify\">I teraz pojawia si\u0119 pytanie? Je\u015bli b\u0119dziemy potrzebowa\u0107 pomocy medycznej to powinni\u015bmy wybra\u0107 RCZ czy MCZ? Czy to my mo\u017cemy zdecydowa\u0107 czy mo\u017ce szpitale jako\u015b podzieli\u0142y si\u0119 zakresem \u015bwiadcze\u0144?<\/p>\n<p align=\"justify\">\u2013 Cho\u0107 ka\u017cdy pacjent na pe\u0142n\u0105 swobod\u0119 wyboru miejsca, w kt\u00f3rym skorzysta z opieki medycznej w nocy oraz w dni wolne od pracy, oba szpitale zgodnie prosz\u0105, aby pacjenci z rejonu gmin Polkowice, Chocian\u00f3w oraz Rudna korzystali z dodatkowego punktu utworzonego przez MCZ w Polkowicach (zlokalizowanego w dotychczasowej siedzibie, tj. w PCUZ). A pracownicy KGHM i ca\u0142ej grupy kapita\u0142owej, a tak\u017ce pacjenci, zapisani do lekarzy podstawowej opieki zdrowotnej w Miedziowym Centrum Zdrowia, powinni korzysta\u0107 ze \u015bwiadcze\u0144 nocnej i \u015bwi\u0105tecznej opieki w\u0142a\u015bnie w Miedziowym Centrum Zdrowia \u2013 podkre\u015bla Hanna Sta\u015bkiewicz z EMC Instytu Medyczny, do kt\u00f3rego nale\u017cy szpital przy ulicy Bema.<\/p>\n<p align=\"justify\"><strong>Pozostali powinni wi\u0119c korzysta\u0107 z pomocy medycznej w Regionalnym Centrum Zdrowia. \u2013 Pacjenci z Lubina i okolic, nale\u017c\u0105cy do innych podmiot\u00f3w medycznych oraz pacjenci ze \u015acinawy powinni, w razie konieczno\u015bci, zg\u0142asza\u0107 si\u0119 do Regionalnego Centrum Zdrowia w Lubinie \u2013 dodaje Hanna Sta\u015bkiewicz. \u015acinawski MGZZOP informuje, \u017ce zlecenia na zastrzyki i zabiegi udzielane w domu pacjenta od dnia 01.10.2017r nale\u017cy zg\u0142asza\u0107 do RCZ pod numerami tel. 768401600 i 768401690.<\/strong><\/p>\n<p align=\"justify\">Dodatkowo, w\u0142a\u015bnie w szpitalu przy ulicy Bema uruchomiony zostanie specjalny dy\u017cur dla dzieci. Pediatra b\u0119dzie dost\u0119pny we wszystkie soboty, niedziele i \u015bwi\u0119ta w godzinach od 9.00 do 17.00.<\/p>\n<p align=\"justify\">Oba szpitale licz\u0105, \u017ce pacjenci b\u0119d\u0105 stosowa\u0107 si\u0119 do tych ustale\u0144. Jak podkre\u015blaj\u0105, na r\u00f3wnomiernym roz\u0142o\u017ceniu ruchu chorych w naszym powiecie skorzystaj\u0105 przede wszystkim mieszka\u0144cy. \u2013 Dzi\u0119ki temu uda si\u0119 unikn\u0105\u0107 sytuacji, w kt\u00f3rej w jednym punkcie pacjenci b\u0119d\u0105 oczekiwa\u0107 w d\u0142ugiej kolejce, a w drugim nie b\u0119dzie nikogo \u2013 t\u0142umaczy Hanna Sta\u015bkiewicz.<\/p>\n<p align=\"justify\">Dodajmy, \u017ce nowe punkty b\u0119d\u0105 obs\u0142ugiwa\u0107 pacjent\u00f3w od niedzieli, 1 pa\u017adziernika, od godziny 8.00. Je\u015bli wi\u0119c b\u0119dziemy potrzebowa\u0107 pomocy ambulatoryjnej np. w sobot\u0119 po p\u00f3\u0142nocy, powinni\u015bmy jeszcze uda\u0107 si\u0119 do Medicusa. Tam lekarze i piel\u0119gniarki b\u0119d\u0105 dy\u017curowa\u0107 w\u0142a\u015bnie do godziny 8.00 rano w niedziel\u0119.<\/p>\n<p align=\"justify\">Jak przypomina Narodowy Fundusz Zdrowia, nocna i \u015bwi\u0105teczna opieka zdrowotna to \u015bwiadczenia w zakresie podstawowej opieki zdrowotnej udzielane od poniedzia\u0142ku do pi\u0105tku w godzinach od 18.00 do 8.00 dnia nast\u0119pnego oraz ca\u0142odobowo w dni ustawowo wolne od pracy.<\/p>\n<p align=\"justify\">W razie nag\u0142ego zachorowania lub nag\u0142ego pogorszenia stanu zdrowia pacjent mo\u017ce uda\u0107 si\u0119 po pomoc do dowolnego punktu nocnej i \u015bwi\u0105tecznej opieki zdrowotnej, niezale\u017cnie od tego, gdzie mieszka, i do kt\u00f3rego lekarza czy piel\u0119gniarki podstawowej opieki zdrowotnej z\u0142o\u017cy\u0142 swoj\u0105 deklaracj\u0119.<\/p>\n<p align=\"justify\">Z pomocy lekarza i piel\u0119gniarki w nocy, w dni wolne i w \u015bwi\u0119ta mo\u017cna skorzysta\u0107 w razie: nag\u0142ego zachorowania; nag\u0142ego pogorszenia stanu zdrowia, gdy nie ma objaw\u00f3w sugeruj\u0105cych bezpo\u015brednie zagro\u017cenie \u017cycia lub istotny uszczerbek zdrowia, a zastosowane \u015brodki domowe lub leki dost\u0119pne bez recepty nie przynios\u0142y spodziewanej poprawy; gdy zachodzi obawa, \u017ce oczekiwanie na otwarcie przychodni mo\u017ce znacz\u0105co niekorzystnie wp\u0142yn\u0105\u0107 na stan zdrowia.<\/p>\n<p align=\"right\">\u0179r\u00f3d\u0142o: <a href=\"http:\/\/www.lubin.pl\/juz-nie-do-medicusa-ale-do-szpitali\/\" target=\"_blank\" rel=\"noopener\">Lubin.pl<\/a><\/p>\n","protected":false},"excerpt":{"rendered":"<p>Medicus nie b\u0119dzie ju\u017c przyjmowa\u0142 pacjent\u00f3w w ramach nocnej i \u015bwi\u0105tecznej opieki medycznej. Od niedzieli, 1 pa\u017adziernika, tak\u0105 pomoc b\u0119d\u0105<\/p>\n","protected":false},"author":2,"featured_media":11864,"comment_status":"open","ping_status":"open","sticky":false,"template":"","format":"standard","meta":{"ngg_post_thumbnail":0},"categories":[2],"tags":[153,150,148,152,151,149,26],"_links":{"self":[{"href":"https:\/\/scinawa.pl\/index.php\/wp-json\/wp\/v2\/posts\/11856"}],"collection":[{"href":"https:\/\/scinawa.pl\/index.php\/wp-json\/wp\/v2\/posts"}],"about":[{"href":"https:\/\/scinawa.pl\/index.php\/wp-json\/wp\/v2\/types\/post"}],"author":[{"embeddable":true,"href":"https:\/\/scinawa.pl\/index.php\/wp-json\/wp\/v2\/users\/2"}],"replies":[{"embeddable":true,"href":"https:\/\/scinawa.pl\/index.php\/wp-json\/wp\/v2\/comments?post=11856"}],"version-history":[{"count":8,"href":"https:\/\/scinawa.pl\/index.php\/wp-json\/wp\/v2\/posts\/11856\/revisions"}],"predecessor-version":[{"id":12233,"href":"https:\/\/scinawa.pl\/index.php\/wp-json\/wp\/v2\/posts\/11856\/revisions\/12233"}],"wp:featuredmedia":[{"embeddable":true,"href":"https:\/\/scinawa.pl\/index.php\/wp-json\/wp\/v2\/media\/11864"}],"wp:attachment":[{"href":"https:\/\/scinawa.pl\/index.php\/wp-json\/wp\/v2\/media?parent=11856"}],"wp:term":[{"taxonomy":"category","embeddable":true,"href":"https:\/\/scinawa.pl\/index.php\/wp-json\/wp\/v2\/categories?post=11856"},{"taxonomy":"post_tag","embeddable":true,"href":"https:\/\/scinawa.pl\/index.php\/wp-json\/wp\/v2\/tags?post=11856"}],"curies":[{"name":"wp","href":"https:\/\/api.w.org\/{rel}","templated":true}]}}