{"id":11013,"date":"2017-09-21T15:28:11","date_gmt":"2017-09-21T13:28:11","guid":{"rendered":"http:\/\/nowa.scinawa.pl\/?p=11013"},"modified":"2017-10-23T19:15:52","modified_gmt":"2017-10-23T17:15:52","slug":"piknik-integracyjny-w-dziewinie","status":"publish","type":"post","link":"https:\/\/scinawa.pl\/index.php\/2017\/09\/21\/piknik-integracyjny-w-dziewinie\/","title":{"rendered":"Piknik ekologiczny w Dziewinie"},"content":{"rendered":"<p align=\"justify\">Centrum Turystyki i Kultury w \u015acinawie, Stowarzyszenie &#8222;Aktywny Dziewin&#8221; oraz Regionalny O\u015brodek Edukacji Ekologicznej w \u015acinawie zapraszaj\u0105 do udzia\u0142u w pikniku integracyjnym, kt\u00f3ry odb\u0119dzie si\u0119 w Dziewinie ju\u017c w najbli\u017csz\u0105 sobot\u0119, 23 wrze\u015bnia w godzinach od 10.00 do 18.00.<\/p>\n<p><!--more--><\/p>\n<p align=\"justify\">Program pikniku jest bardzo bogaty. Odb\u0119d\u0105 si\u0119 m.in.: prelekcje na temat bogactwa flory i fauny &#8222;Krainy \u0141\u0119g\u00f3w Odrza\u0144skich&#8221;, wyk\u0142ady o odnawialnych \u017ar\u00f3d\u0142ach energii czy r\u00f3\u017cnego rodzaju warsztaty &#8211; rze\u017abiarskie, artystyczne, ekologiczne oraz pszczelarskie.<\/p>\n<p align=\"justify\">Tego dnia przewidziano mn\u00f3stwo atrakcji dla najm\u0142odszych. B\u0119d\u0105 gry i zabawy z nagrodami oraz liczne animacje.<\/p>\n<p align=\"justify\">Wydarzeniu b\u0119d\u0105 towarzyszy\u0107 liczne stoiska r\u0119kodzielnicze, przewidziano degustacj\u0119 miod\u00f3w oraz spacer z EKO przewodnikiem.<\/p>\n<p align=\"justify\">Zapowiedzi pikniku mo\u017cna pos\u0142ucha\u0107 na portalu <a href=\"https:\/\/legnica.fm\/wiadomosci\/wiadomosci-fakty\/17-fakty-lubin\/18230-ekologiczna-sobota-w-osrodku-w-dziewinie\" target=\"_blank\" rel=\"noopener\">legnica.fm<\/a><\/p>\n<!-- default-view.php -->\n<div\n\tclass=\"ngg-galleryoverview default-view  ngg-ajax-pagination-none\"\n\tid=\"ngg-gallery-db95396faf3a7e5b1fa2515e0ce69026-1\">\n\n\t\t<!-- Thumbnails -->\n\t\t\t\t<div id=\"ngg-image-0\" class=\"ngg-gallery-thumbnail-box \" >\n\t\t\t\t        <div class=\"ngg-gallery-thumbnail\">\n            <a href=\"https:\/\/scinawa.pl\/wp-content\/gallery\/plakat-piknik\/Piknik-Integracyjny.jpg\"\n               title=\"\"\n               data-src=\"https:\/\/scinawa.pl\/wp-content\/gallery\/plakat-piknik\/Piknik-Integracyjny.jpg\"\n               data-thumbnail=\"https:\/\/scinawa.pl\/wp-content\/gallery\/plakat-piknik\/thumbs\/thumbs_Piknik-Integracyjny.jpg\"\n               data-image-id=\"4900\"\n               data-title=\"Piknik Integracyjny\"\n               data-description=\"\"\n               data-image-slug=\"piknik-integracyjny\"\n               class=\"ngg-fancybox\" rel=\"db95396faf3a7e5b1fa2515e0ce69026\">\n                <img\n                    title=\"Piknik Integracyjny\"\n                    alt=\"Piknik Integracyjny\"\n                    src=\"https:\/\/scinawa.pl\/wp-content\/gallery\/plakat-piknik\/thumbs\/thumbs_Piknik-Integracyjny.jpg\"\n                    width=\"200\"\n                    height=\"140\"\n                    style=\"max-width:100%;\"\n                \/>\n            <\/a>\n        <\/div>\n\t\t\t\t\t\t\t<\/div> \n\t\t\t\n\t\n\t<br style=\"clear: both\" \/>\n\n\t\t<div class=\"slideshowlink\">\n        <a href='https:\/\/scinawa.pl\/index.php\/2017\/09\/21\/piknik-integracyjny-w-dziewinie\/nggallery\/slideshow'>&#091;Pokaz zdj\u0119\u0107&#093;<\/a>\n\t\t\n\t<\/div>\n\t\n\t\t<div class=\"ngg-clear\"><\/div>\n\t<\/div>\n\n","protected":false},"excerpt":{"rendered":"<p>Centrum Turystyki i Kultury w \u015acinawie, Stowarzyszenie &#8222;Aktywny Dziewin&#8221; oraz Regionalny O\u015brodek Edukacji Ekologicznej w \u015acinawie zapraszaj\u0105 do udzia\u0142u w<\/p>\n","protected":false},"author":2,"featured_media":11019,"comment_status":"open","ping_status":"open","sticky":false,"template":"","format":"image","meta":{"ngg_post_thumbnail":0},"categories":[3,13],"tags":[47,133,130,134,131,129,132],"_links":{"self":[{"href":"https:\/\/scinawa.pl\/index.php\/wp-json\/wp\/v2\/posts\/11013"}],"collection":[{"href":"https:\/\/scinawa.pl\/index.php\/wp-json\/wp\/v2\/posts"}],"about":[{"href":"https:\/\/scinawa.pl\/index.php\/wp-json\/wp\/v2\/types\/post"}],"author":[{"embeddable":true,"href":"https:\/\/scinawa.pl\/index.php\/wp-json\/wp\/v2\/users\/2"}],"replies":[{"embeddable":true,"href":"https:\/\/scinawa.pl\/index.php\/wp-json\/wp\/v2\/comments?post=11013"}],"version-history":[{"count":6,"href":"https:\/\/scinawa.pl\/index.php\/wp-json\/wp\/v2\/posts\/11013\/revisions"}],"predecessor-version":[{"id":11039,"href":"https:\/\/scinawa.pl\/index.php\/wp-json\/wp\/v2\/posts\/11013\/revisions\/11039"}],"wp:featuredmedia":[{"embeddable":true,"href":"https:\/\/scinawa.pl\/index.php\/wp-json\/wp\/v2\/media\/11019"}],"wp:attachment":[{"href":"https:\/\/scinawa.pl\/index.php\/wp-json\/wp\/v2\/media?parent=11013"}],"wp:term":[{"taxonomy":"category","embeddable":true,"href":"https:\/\/scinawa.pl\/index.php\/wp-json\/wp\/v2\/categories?post=11013"},{"taxonomy":"post_tag","embeddable":true,"href":"https:\/\/scinawa.pl\/index.php\/wp-json\/wp\/v2\/tags?post=11013"}],"curies":[{"name":"wp","href":"https:\/\/api.w.org\/{rel}","templated":true}]}}